{"id":48741,"date":"2023-11-21T12:02:23","date_gmt":"2023-11-21T11:02:23","guid":{"rendered":"https:\/\/answear.hr\/blog\/?p=48741"},"modified":"2023-11-21T12:18:37","modified_gmt":"2023-11-21T11:18:37","slug":"black-friday-klasici-koje-vrijedi-imati-u-ormaru","status":"publish","type":"post","link":"https:\/\/answear.hr\/blog\/black-friday-klasici-koje-vrijedi-imati-u-ormaru\/48741\/","title":{"rendered":"BLACK FRIDAY: Klasici koje vrijedi imati u ormaru"},"content":{"rendered":"<span class=\"rt-reading-time\" style=\"display: block;\"><span class=\"rt-label rt-prefix\">Vrijeme \u010ditanja<\/span> <span class=\"rt-time\">6<\/span> <span class=\"rt-label rt-postfix\">min<\/span><\/span><p><strong>BLACK FRIDAY savr\u0161ena je prilika za sastavljanje funkcionalne garderobe koju mo\u017eete prilagoditi svakoj prilici. Vje\u0161to i razborito kora\u010dati kroz mno\u0161tvo ponuda i odabrati najatraktivnije komade, mo\u017eda ne\u0107e biti lak zadatak. Zato bi bilo sjajno kada biste strate\u0161ki pristupili kupnji i tako maksimalno iskoristili iznimno povoljne cijene, ali i izgradili bezvremensku kolekciju odje\u0107e koju \u0107ete nositi vi\u0161e sezona.<\/strong><\/p>\r\n<p><!--more--><\/p>\r\n<h2>Nekoliko rije\u010di o podrijetlu BLACK FRIDAY \u201epokreta\u201c<\/h2>\r\n<p>Rasprodaje, akcije i atraktivni popusti. \u201eCrni petak\u201c, veliki praznik kupovine, prona\u0161ao je svoj put u cijelom svijetu.<\/p>\r\n<p>Korijeni Crnog petka mogu se prona\u0107i u sjevernoameri\u010dkoj tradiciji kupnje. Jo\u0161 su 60-ih godina mnogi Amerikanci odlu\u010dili uzeti godi\u0161nji odmor dan nakon Dana zahvalnosti, produ\u017euju\u0107i tako svoj vikend. Du\u017ei odmor pove\u0107ao je apetit za kupnjom. Na sli\u010dan su na\u010din djelovale i gradske parade koje su bile dio proslave Dana zahvalnosti. U povodu parada pojavila su se prve promocije i popusti u trgovinama du\u017e rute mar\u0161a pa su rasprodaje potaknule Amerikance na kupnju.<\/p>\r\n<p>Odakle naziv Black Friday? Mnoge anegdote kru\u017ee oko podrijetla pojma. Prema nekima, ovaj naziv prvi su upotrijebili 1961. godine policajci iz Philadelphije koji su na dan objave velike promocije intervenirali u trgova\u010dkoj dvorani i smirivali gomilu kupaca.<\/p>\r\n<p>Druga teorija o podrijetlu naziva povezuje Black Friday sa sustavom odre\u0111ivanja prihoda u ameri\u010dkim trgovinama papira, na temelju razli\u010ditih boja tinte. Crna je zna\u010dila dobit, a crvena gubitak. Na dan rasprodaje nakon Dana zahvalnosti posvuda je dominirala crna boja.<\/p>\r\n<p>&nbsp;<\/p>\r\n\r\n<div class=\"wp-block-buttons is-layout-flex wp-block-buttons-is-layout-flex\">\r\n<div class=\"wp-block-button\"><a class=\"wp-block-button__link wp-element-button\" href=\"https:\/\/answear.hr\/s\/black-friday\">BLACK FRIDAY PONUDA<\/a><\/div>\r\n<\/div>\r\n<div>\u00a0<\/div>\r\n<h2>Jeste li isplanirali Black Friday shopping?<\/h2>\r\n<div>\r\n<p style=\"font-weight: 400;\">Danas je Black Friday i globalno prerastao u praznik kupovine. Svake godine to postaje prilika, izme\u0111u ostalog, za kompletiranje bo\u017ei\u0107nih poklona, \u200b\u200bali i za pro\u0161irenje kolekcije u ormarima svakog od nas. Prije nego krenete u kupnju, napravite popis odje\u0107e i dodataka koje \u017eelite kupiti tijekom sni\u017eenja. Tako \u0107ete obuzdati \u017eelju za kupnjom stvari koje vam se svi\u0111aju ali koje vam mo\u017eda ne\u0107e dugoro\u010dno koristiti.<\/p>\r\n<p style=\"font-weight: 400;\">Black Friday pravo je vrijeme za kupnju kvalitetne odje\u0107e po izvrsnim cijenama. Posebice u ovoj eri minimalizma koji pobje\u0111uje maksimalizam, kada je fokus na stvaranju capsule garderobe iz koje se mogu kreirati razli\u010dite modne kombinacije. Stoga, usredoto\u010dite se na pronalazak vi\u0161enamjenske odje\u0107e koja se isti\u010de\u00a0 svojom kvalitetom te pristaje svakoj prilici.<\/p>\r\n<\/div>\r\n<div>\r\n<h2>Savr\u0161eno skrojeni kaputi<\/h2>\r\n<p>Neizostavan element svake garderobe je elegantan kaput. Prilikom odabira savr\u0161enog, obratite pozornost kako na izgled proizvoda tako i na prakti\u010dne kvalitete, odnosno kvalitetu izrade. Po\u010dnimo s tkaninom od koje je kaput izra\u0111en. Najbolji izbor nedvojbeno je &#8211; vuna, jer u hladnim danima pove\u0107ava na\u0161u toplinsku udobnost kao nijedan drugi materijal. Obratite pozornost i na to je li rije\u010d o eko vuni. Primjer odje\u0107e proizvedene na ekolo\u0161ki prihvatljiv na\u010din je <a href=\"https:\/\/answear.hr\/p\/vuneni-kaput-herskind-wanda-za-prijelazno-razdoblje-oversize-710253\">kaput iz kolekcije Herskind<\/a>. Tako\u0111er, njegov oversized kroj, kombinacija mnogih nijansi be\u017e boje i prepoznatljiv karirani uzorak, ukazuje na to da \u0107e biti u trendu dugi niz sezona.\u00a0<\/p>\r\n<\/div>\r\n\r\n\r\n\r\n<figure class=\"wp-block-gallery has-nested-images columns-default is-cropped wp-block-gallery-1 is-layout-flex wp-block-gallery-is-layout-flex\">\r\n<figure class=\"wp-block-image size-large\"><img loading=\"lazy\" decoding=\"async\" width=\"461\" height=\"695\" class=\"wp-image-48749\" src=\"https:\/\/answear.hr\/blog\/wp-content\/uploads\/2023\/11\/inside-461x695.jpg\" alt=\"\" srcset=\"https:\/\/answear.hr\/blog\/wp-content\/uploads\/2023\/11\/inside-461x695.jpg 461w, https:\/\/answear.hr\/blog\/wp-content\/uploads\/2023\/11\/inside-768x1159.jpg 768w, https:\/\/answear.hr\/blog\/wp-content\/uploads\/2023\/11\/inside.jpg 855w\" sizes=\"(max-width: 461px) 100vw, 461px\" \/><\/figure>\r\n<figure class=\"wp-block-image size-large\"><img loading=\"lazy\" decoding=\"async\" width=\"461\" height=\"695\" class=\"wp-image-48747\" src=\"https:\/\/answear.hr\/blog\/wp-content\/uploads\/2023\/11\/inside5-461x695.jpg\" alt=\"\" srcset=\"https:\/\/answear.hr\/blog\/wp-content\/uploads\/2023\/11\/inside5-461x695.jpg 461w, https:\/\/answear.hr\/blog\/wp-content\/uploads\/2023\/11\/inside5-768x1159.jpg 768w, https:\/\/answear.hr\/blog\/wp-content\/uploads\/2023\/11\/inside5.jpg 855w\" sizes=\"(max-width: 461px) 100vw, 461px\" \/><\/figure>\r\n<figure class=\"wp-block-image size-large\"><img loading=\"lazy\" decoding=\"async\" width=\"461\" height=\"695\" class=\"wp-image-48748\" src=\"https:\/\/answear.hr\/blog\/wp-content\/uploads\/2023\/11\/inside6-461x695.jpg\" alt=\"\" srcset=\"https:\/\/answear.hr\/blog\/wp-content\/uploads\/2023\/11\/inside6-461x695.jpg 461w, https:\/\/answear.hr\/blog\/wp-content\/uploads\/2023\/11\/inside6-768x1159.jpg 768w, https:\/\/answear.hr\/blog\/wp-content\/uploads\/2023\/11\/inside6.jpg 855w\" sizes=\"(max-width: 461px) 100vw, 461px\" \/><\/figure>\r\n<p>&nbsp;<\/p>\r\n<\/figure>\r\n<p>Bezvremenski \u0161iroki kaputi s dvorednim kop\u010danjem i niskom linijom ramena ostat \u0107e popularni jednako dugo. I ove modele tako\u0111er mo\u017eete prona\u0107i u kolekciji brenda <a href=\"https:\/\/answear.hr\/p\/vuneni-kaput-herskind-wanda-boja-crna-za-prijelazno-razdoblje-oversize-960199\">Herskind<\/a>. Brend je dizajnirao kapute, za prijelazno razdoblje, od glatke tkanine s visokim udjelom vune. Nudi izvrsnu za\u0161titu od hladno\u0107e i otporan je na gu\u017evanje. Dolazi u tri boje &#8211; crnoj i dvije be\u017e nijanse &#8211; lako ih je uskladiti sa svim preferencijama i stilom odijevanja. Ovaj klasi\u010dni kaput bit \u0107e izvrsna baza za elegantne i le\u017eerne kombinacije.<\/p>\r\n<p>Za one koji prate svjetske trendove preporu\u010dujemo kaput iz Hugo kolekcije. Izolirani model podstavljen je bijelom ko\u017eom i u prekrasnom je kontrastu s nje\u017eno sme\u0111om nijansom ekolo\u0161ke imitacije ko\u017ee od koje je izra\u0111en. Kaput \u0107e prije svega pristajati uz svakodnevnu kombinaciju &#8211; traperice, topli pulover i ko\u017enatu torbu.<\/p>\r\n<h2>Traperice za svaku priliku<\/h2>\r\n<p>Neophodne su u svakom ormaru. Udobne, prikladne za svaki casual look i razli\u010dite oblike tijela. Traperice su hla\u010de koje naj\u010de\u0161\u0107e nosimo. Me\u0111utim, kupnja ovoga komada odje\u0107e, putem internetske trgovine, mo\u017ee biti nezgodna. Ipak, bez isprobavanja nije ba\u0161 tako te\u0161ko prona\u0107i pravu veli\u010dinu ili kroj za svaku figuru. Jednostavan trik mo\u017ee vam pomo\u0107i u ovom procesu. Pregledajte svoj ormar i odaberite najudobnije traperice. Identificirajte koji vam je model hla\u010da najbolji i na temelju toga krenite u potragu za novim trapericama.<\/p>\r\n\r\n\r\n\r\n<figure class=\"wp-block-gallery has-nested-images columns-default is-cropped wp-block-gallery-2 is-layout-flex wp-block-gallery-is-layout-flex\">\r\n<figure class=\"wp-block-image size-large\"><img loading=\"lazy\" decoding=\"async\" width=\"461\" height=\"695\" class=\"wp-image-48752\" src=\"https:\/\/answear.hr\/blog\/wp-content\/uploads\/2023\/11\/inside1-461x695.jpg\" alt=\"\" srcset=\"https:\/\/answear.hr\/blog\/wp-content\/uploads\/2023\/11\/inside1-461x695.jpg 461w, https:\/\/answear.hr\/blog\/wp-content\/uploads\/2023\/11\/inside1-768x1159.jpg 768w, https:\/\/answear.hr\/blog\/wp-content\/uploads\/2023\/11\/inside1.jpg 855w\" sizes=\"(max-width: 461px) 100vw, 461px\" \/><\/figure>\r\n<figure class=\"wp-block-image size-large\"><img loading=\"lazy\" decoding=\"async\" width=\"461\" height=\"695\" class=\"wp-image-48753\" src=\"https:\/\/answear.hr\/blog\/wp-content\/uploads\/2023\/11\/inside2-461x695.jpg\" alt=\"\" srcset=\"https:\/\/answear.hr\/blog\/wp-content\/uploads\/2023\/11\/inside2-461x695.jpg 461w, https:\/\/answear.hr\/blog\/wp-content\/uploads\/2023\/11\/inside2-768x1159.jpg 768w, https:\/\/answear.hr\/blog\/wp-content\/uploads\/2023\/11\/inside2.jpg 855w\" sizes=\"(max-width: 461px) 100vw, 461px\" \/><\/figure>\r\n<\/figure>\r\n<p>&nbsp;<\/p>\r\n<p>Udoban i moderan izbor su hla\u010de ravnog kroja s visokim strukom. To je zato \u0161to \u0107e pristajati svim oblicima tijela. <a href=\"https:\/\/answear.hr\/p\/traperice-abercrombie-fitch-za-zene-visoki-struk-766819\">Traperice iz kolekcije Abercrombie&amp;Fitch<\/a> ne samo da imaju sjajan kroj, ve\u0107 dolaze i u svijetloj boji koja \u0107e se savr\u0161eno uklopiti s prigu\u0161enim i intenzivnim bojama ostalih odjevnih predmeta.<\/p>\r\n<p>Mom carrot hla\u010de popularne su ve\u0107 nekoliko sezona. To nije bez razloga. Ovaj model traperica pristaje svima, isti\u010de figuru i skriva njezine nedostatke. Visoki struk nagla\u0161ava struk, dok ravne, su\u017eene nogavice stanjuju bedra. Izbor traperica iz kolekcije brenda <a href=\"https:\/\/answear.hr\/p\/traperice-pepe-jeans-violet-za-zene-visoki-struk-752395\">Pepe Jeans<\/a> pun je pogodak. Rastezljivi traper \u010dini da se u njima osje\u0107ate iznimno udobno. Model je dio Pepe Future linije koja uklju\u010duje proizvode nastale u odr\u017eivom proizvodnom procesu.<\/p>\r\n<h2>Klasi\u010dni modni dodaci<\/h2>\r\n<p>Svaki look zahtijeva sjajno odabrane modne dodatke. Zato se pri kupnji za Black Friday isplati potra\u017eiti proizvode bezvremenskog dizajna koje \u0107ete lako upariti uz elegantne i svakodnevne lookove. Primjer takvog dodatka je <a href=\"https:\/\/answear.hr\/p\/torba-silvian-heach-boja-crna-941319\">torbica brenda Silvian Heach,<\/a> izra\u0111ena od crne eko ko\u017ee. Zahvaljuju\u0107i zlatnim detaljima i originalnom dizajnu, savr\u0161eno \u0107e nadopuniti svaku kombinaciju. Zanimljiva alternativa bila bi i <a href=\"https:\/\/answear.hr\/p\/torba-guess-boja-crna-938527\">Guess torbica<\/a> u sli\u010dnoj shemi boja. Format \u201e\u0161krinje\u201c idealan je za gotovo sve kombinacije \u2013 bilo za sve\u010dane prilike ili susrete s prijateljima. Torbica \u0107e izgledati sjajno u kombinaciji s modernim, \u017eenskim odijelom, ali i kao dodatak kombinaciji mekog pulovera i traperica.<\/p>\r\n\r\n\r\n\r\n<figure class=\"wp-block-gallery has-nested-images columns-default is-cropped wp-block-gallery-3 is-layout-flex wp-block-gallery-is-layout-flex\">\r\n<figure class=\"wp-block-image size-large\"><img loading=\"lazy\" decoding=\"async\" width=\"461\" height=\"695\" class=\"wp-image-48760\" src=\"https:\/\/answear.hr\/blog\/wp-content\/uploads\/2023\/11\/inside7-461x695.jpg\" alt=\"\" srcset=\"https:\/\/answear.hr\/blog\/wp-content\/uploads\/2023\/11\/inside7-461x695.jpg 461w, https:\/\/answear.hr\/blog\/wp-content\/uploads\/2023\/11\/inside7-768x1159.jpg 768w, https:\/\/answear.hr\/blog\/wp-content\/uploads\/2023\/11\/inside7.jpg 855w\" sizes=\"(max-width: 461px) 100vw, 461px\" \/><\/figure>\r\n<figure class=\"wp-block-image size-large\"><img loading=\"lazy\" decoding=\"async\" width=\"461\" height=\"695\" class=\"wp-image-48759\" src=\"https:\/\/answear.hr\/blog\/wp-content\/uploads\/2023\/11\/inside8-461x695.jpg\" alt=\"\" srcset=\"https:\/\/answear.hr\/blog\/wp-content\/uploads\/2023\/11\/inside8-461x695.jpg 461w, https:\/\/answear.hr\/blog\/wp-content\/uploads\/2023\/11\/inside8-768x1159.jpg 768w, https:\/\/answear.hr\/blog\/wp-content\/uploads\/2023\/11\/inside8.jpg 855w\" sizes=\"(max-width: 461px) 100vw, 461px\" \/><\/figure>\r\n<figure class=\"wp-block-image size-large\"><img loading=\"lazy\" decoding=\"async\" width=\"461\" height=\"695\" class=\"wp-image-48761\" src=\"https:\/\/answear.hr\/blog\/wp-content\/uploads\/2023\/11\/inside9-461x695.jpg\" alt=\"\" srcset=\"https:\/\/answear.hr\/blog\/wp-content\/uploads\/2023\/11\/inside9-461x695.jpg 461w, https:\/\/answear.hr\/blog\/wp-content\/uploads\/2023\/11\/inside9-768x1159.jpg 768w, https:\/\/answear.hr\/blog\/wp-content\/uploads\/2023\/11\/inside9.jpg 855w\" sizes=\"(max-width: 461px) 100vw, 461px\" \/><\/figure>\r\n<\/figure>\r\n<p>&nbsp;<\/p>\r\n<p>Black Friday je prava prilika da razmislite o kupnji klasi\u010dnih cipela. Par crnih \u0161tikli dobro \u0107e do\u0107i u ormaru svake \u017eene. Model brenda <a href=\"https:\/\/answear.hr\/p\/kozne-stikle-michael-michael-kors-alina-boja-crna-40f2hnmp2l-749023\">Michael Kors<\/a> izra\u0111en je od prirodne ko\u017ee, ima oblikovan mekani ulo\u017eak i podstavljeni vrh. \u0160tikle \u0107e biti savr\u0161en dodatak mnogim odjevnim kombinacijama. U hladnijim danima, kultne \u010dizme brenda <a href=\"https:\/\/answear.hr\/p\/gleznjace-vagabond-shoemakers-dorah-za-zene-boja-crna-s-debelom-potpeticom-5642-502-20-973301\">Vagabond<\/a> polo\u017eit \u0107e svaki modni test. \u010cizme su izra\u0111ene od kombinacije prirodne i eko ko\u017ee. Odlikuje ih \u010dvrsti vrh, potplat otporan na o\u0161te\u0107enja i sna\u017ena stabilnost. Neizostavan je i bezvremenski dizajn pa \u0107ete ih, sigurni smo, nositi nekoliko sezona.<\/p>\r\n<h2>Topla pletenina<\/h2>\r\n<p>Pletiva nas griju u jesen i zimi. Zato vrijedi odabrati nekoliko modernih krojeva koji \u0107e dugo ostati na popisu najpopularnijih svjetskih trendova. Jedan od takvih je prugasti pulover iz kolekcije brenda <a href=\"https:\/\/answear.hr\/p\/pulover-notes-du-nord-gaia-za-zene-boja-bez-829497\">Notes du Nord,<\/a> inspiriran pari\u0161kim stilom -mekan kroj, raglan rukavi i ugodno pletivo.<\/p>\r\n<p>&nbsp;<\/p>\r\n\r\n\r\n\r\n<figure class=\"wp-block-gallery has-nested-images columns-default is-cropped wp-block-gallery-4 is-layout-flex wp-block-gallery-is-layout-flex\">\r\n<figure class=\"wp-block-image size-large\"><img loading=\"lazy\" decoding=\"async\" width=\"461\" height=\"695\" class=\"wp-image-48762\" src=\"https:\/\/answear.hr\/blog\/wp-content\/uploads\/2023\/11\/inside3-461x695.jpg\" alt=\"\" srcset=\"https:\/\/answear.hr\/blog\/wp-content\/uploads\/2023\/11\/inside3-461x695.jpg 461w, https:\/\/answear.hr\/blog\/wp-content\/uploads\/2023\/11\/inside3-768x1159.jpg 768w, https:\/\/answear.hr\/blog\/wp-content\/uploads\/2023\/11\/inside3.jpg 855w\" sizes=\"(max-width: 461px) 100vw, 461px\" \/><\/figure>\r\n<figure class=\"wp-block-image size-large\"><img loading=\"lazy\" decoding=\"async\" width=\"461\" height=\"695\" class=\"wp-image-48758\" src=\"https:\/\/answear.hr\/blog\/wp-content\/uploads\/2023\/11\/inside4-461x695.jpg\" alt=\"\" srcset=\"https:\/\/answear.hr\/blog\/wp-content\/uploads\/2023\/11\/inside4-461x695.jpg 461w, https:\/\/answear.hr\/blog\/wp-content\/uploads\/2023\/11\/inside4-768x1159.jpg 768w, https:\/\/answear.hr\/blog\/wp-content\/uploads\/2023\/11\/inside4.jpg 855w\" sizes=\"(max-width: 461px) 100vw, 461px\" \/><\/figure>\r\n<\/figure>\r\n<p>&nbsp;<\/p>\r\n<p>Prikladan za svaku priliku, klasik koji vrijedi imati u ormaru je crna dol\u010devita. Model iz kolekcije brenda <a href=\"https:\/\/answear.hr\/p\/pulover-artigli-za-zene-boja-crna-lagani-s-dolcevitom-989231\">Artigli<\/a> od rastezljivog pletiva savr\u0161eno \u0107e pristajati uz suknju, traperice i elegantne hla\u010de. Utor s ukrasnom metaliziranom niti daje jedinstveni potpis. Za ljubitelje streetweara preporu\u010dujemo sweatshirt iz Levi&#8217;s kolekcije. Mekano podstavljeni model s poludol\u010devitom i opu\u0161teni kroj upotpunit \u0107e svaki casual look.<\/p>\r\n<div class=\"hidden\"><img loading=\"lazy\" decoding=\"async\" class=\"alignnone size-full wp-image-48768\" src=\"https:\/\/answear.hr\/blog\/wp-content\/uploads\/2023\/11\/img123.png\" alt=\"\" width=\"564\" height=\"564\" srcset=\"https:\/\/answear.hr\/blog\/wp-content\/uploads\/2023\/11\/img123.png 564w, https:\/\/answear.hr\/blog\/wp-content\/uploads\/2023\/11\/img123-420x420.png 420w\" sizes=\"(max-width: 564px) 100vw, 564px\" \/><\/div>","protected":false},"excerpt":{"rendered":"<p><span class=\"rt-reading-time\" style=\"display: block;\"><span class=\"rt-label rt-prefix\">Vrijeme \u010ditanja<\/span> <span class=\"rt-time\">6<\/span> <span class=\"rt-label rt-postfix\">min<\/span><\/span> BLACK FRIDAY savr\u0161ena je prilika za sastavljanje funkcionalne garderobe koju mo\u017eete prilagoditi svakoj prilici. Vje\u0161to i razborito kora\u010dati kroz mno\u0161tvo ponuda i odabrati najatraktivnije komade, mo\u017eda ne\u0107e biti lak zadatak. Zato bi bilo sjajno kada biste strate\u0161ki pristupili kupnji i tako maksimalno iskoristili iznimno povoljne cijene, ali i izgradili bezvremensku kolekciju odje\u0107e koju \u0107ete nositi &hellip; <a href=\"https:\/\/answear.hr\/blog\/black-friday-klasici-koje-vrijedi-imati-u-ormaru\/48741\/\" class=\"more-link\">Nastavi \u010ditati <span class=\"screen-reader-text\">BLACK FRIDAY: Klasici koje vrijedi imati u ormaru<\/span><\/a><\/p>\n","protected":false},"author":54,"featured_media":48757,"comment_status":"closed","ping_status":"closed","sticky":false,"template":"","format":"standard","meta":{"footnotes":""},"categories":[145],"tags":[],"class_list":["post-48741","post","type-post","status-publish","format-standard","has-post-thumbnail","hentry","category-inspirations"],"yoast_head":"<!-- This site is optimized with the Yoast SEO plugin v22.0 - https:\/\/yoast.com\/wordpress\/plugins\/seo\/ -->\n<title>BLACK FRIDAY: Klasici koje vrijedi imati u ormaru - Answear modni blog<\/title>\n<meta name=\"description\" content=\"BLACK FRIDAY savr\u0161ena je prilika za sastavljanje funkcionalne garderobe koju mo\u017eete prilagoditi svakoj prilici. Vje\u0161to i razborito kora\u010dati kroz mno\u0161tvo\" \/>\n<meta name=\"robots\" content=\"index, follow, max-snippet:-1, max-image-preview:large, max-video-preview:-1\" \/>\n<link rel=\"canonical\" href=\"https:\/\/answear.hr\/blog\/black-friday-klasici-koje-vrijedi-imati-u-ormaru\/48741\/\" \/>\n<meta property=\"og:locale\" content=\"hr_HR\" \/>\n<meta property=\"og:type\" content=\"article\" \/>\n<meta property=\"og:title\" content=\"BLACK FRIDAY: Klasici koje vrijedi imati u ormaru - Answear modni blog\" \/>\n<meta property=\"og:description\" content=\"BLACK FRIDAY savr\u0161ena je prilika za sastavljanje funkcionalne garderobe koju mo\u017eete prilagoditi svakoj prilici. Vje\u0161to i razborito kora\u010dati kroz mno\u0161tvo\" \/>\n<meta property=\"og:url\" content=\"https:\/\/answear.hr\/blog\/black-friday-klasici-koje-vrijedi-imati-u-ormaru\/48741\/\" \/>\n<meta property=\"og:site_name\" content=\"Answear modni blog\" \/>\n<meta property=\"article:published_time\" content=\"2023-11-21T11:02:23+00:00\" \/>\n<meta property=\"article:modified_time\" content=\"2023-11-21T11:18:37+00:00\" \/>\n<meta property=\"og:image\" content=\"https:\/\/answear.hr\/blog\/wp-content\/uploads\/2023\/11\/cover-1.jpg\" \/>\n\t<meta property=\"og:image:width\" content=\"1680\" \/>\n\t<meta property=\"og:image:height\" content=\"679\" \/>\n\t<meta property=\"og:image:type\" content=\"image\/jpeg\" \/>\n<meta name=\"author\" content=\"Answear\" \/>\n<meta name=\"twitter:card\" content=\"summary_large_image\" \/>\n<meta name=\"twitter:label1\" content=\"Napisao\/la\" \/>\n\t<meta name=\"twitter:data1\" content=\"Answear\" \/>\n\t<meta name=\"twitter:label2\" content=\"Procijenjeno vrijeme \u010ditanja\" \/>\n\t<meta name=\"twitter:data2\" content=\"9 minuta\" \/>\n<script type=\"application\/ld+json\" class=\"yoast-schema-graph\">{\"@context\":\"https:\/\/schema.org\",\"@graph\":[{\"@type\":\"WebPage\",\"@id\":\"https:\/\/answear.hr\/blog\/black-friday-klasici-koje-vrijedi-imati-u-ormaru\/48741\/\",\"url\":\"https:\/\/answear.hr\/blog\/black-friday-klasici-koje-vrijedi-imati-u-ormaru\/48741\/\",\"name\":\"BLACK FRIDAY: Klasici koje vrijedi imati u ormaru - Answear modni blog\",\"isPartOf\":{\"@id\":\"https:\/\/answear.hr\/blog\/#website\"},\"datePublished\":\"2023-11-21T11:02:23+00:00\",\"dateModified\":\"2023-11-21T11:18:37+00:00\",\"author\":{\"@id\":\"https:\/\/answear.hr\/blog\/#\/schema\/person\/c3e5a4548505af3458f00d445fd56af5\"},\"description\":\"BLACK FRIDAY savr\u0161ena je prilika za sastavljanje funkcionalne garderobe koju mo\u017eete prilagoditi svakoj prilici. Vje\u0161to i razborito kora\u010dati kroz mno\u0161tvo\",\"breadcrumb\":{\"@id\":\"https:\/\/answear.hr\/blog\/black-friday-klasici-koje-vrijedi-imati-u-ormaru\/48741\/#breadcrumb\"},\"inLanguage\":\"hr\",\"potentialAction\":[{\"@type\":\"ReadAction\",\"target\":[\"https:\/\/answear.hr\/blog\/black-friday-klasici-koje-vrijedi-imati-u-ormaru\/48741\/\"]}]},{\"@type\":\"BreadcrumbList\",\"@id\":\"https:\/\/answear.hr\/blog\/black-friday-klasici-koje-vrijedi-imati-u-ormaru\/48741\/#breadcrumb\",\"itemListElement\":[{\"@type\":\"ListItem\",\"position\":1,\"name\":\"Blog\",\"item\":\"https:\/\/answear.hr\/blog\/\"},{\"@type\":\"ListItem\",\"position\":2,\"name\":\"Inspirations\",\"item\":\"https:\/\/answear.hr\/blog\/tematy\/inspirations\/\"},{\"@type\":\"ListItem\",\"position\":3,\"name\":\"BLACK FRIDAY: Klasici koje vrijedi imati u ormaru\"}]},{\"@type\":\"WebSite\",\"@id\":\"https:\/\/answear.hr\/blog\/#website\",\"url\":\"https:\/\/answear.hr\/blog\/\",\"name\":\"Answear modni blog\",\"description\":\"Answear modni blog\",\"potentialAction\":[{\"@type\":\"SearchAction\",\"target\":{\"@type\":\"EntryPoint\",\"urlTemplate\":\"https:\/\/answear.hr\/blog\/?s={search_term_string}\"},\"query-input\":\"required name=search_term_string\"}],\"inLanguage\":\"hr\"},{\"@type\":\"Person\",\"@id\":\"https:\/\/answear.hr\/blog\/#\/schema\/person\/c3e5a4548505af3458f00d445fd56af5\",\"name\":\"Answear\",\"image\":{\"@type\":\"ImageObject\",\"inLanguage\":\"hr\",\"@id\":\"https:\/\/answear.hr\/blog\/#\/schema\/person\/image\/\",\"url\":\"https:\/\/secure.gravatar.com\/avatar\/306a3c14f59e14766168b116b825f6ee?s=96&d=mm&r=g\",\"contentUrl\":\"https:\/\/secure.gravatar.com\/avatar\/306a3c14f59e14766168b116b825f6ee?s=96&d=mm&r=g\",\"caption\":\"Answear\"},\"url\":\"https:\/\/answear.hr\/blog\/author\/martina\/\"}]}<\/script>\n<!-- \/ Yoast SEO plugin. -->","yoast_head_json":{"title":"BLACK FRIDAY: Klasici koje vrijedi imati u ormaru - Answear modni blog","description":"BLACK FRIDAY savr\u0161ena je prilika za sastavljanje funkcionalne garderobe koju mo\u017eete prilagoditi svakoj prilici. Vje\u0161to i razborito kora\u010dati kroz mno\u0161tvo","robots":{"index":"index","follow":"follow","max-snippet":"max-snippet:-1","max-image-preview":"max-image-preview:large","max-video-preview":"max-video-preview:-1"},"canonical":"https:\/\/answear.hr\/blog\/black-friday-klasici-koje-vrijedi-imati-u-ormaru\/48741\/","og_locale":"hr_HR","og_type":"article","og_title":"BLACK FRIDAY: Klasici koje vrijedi imati u ormaru - Answear modni blog","og_description":"BLACK FRIDAY savr\u0161ena je prilika za sastavljanje funkcionalne garderobe koju mo\u017eete prilagoditi svakoj prilici. Vje\u0161to i razborito kora\u010dati kroz mno\u0161tvo","og_url":"https:\/\/answear.hr\/blog\/black-friday-klasici-koje-vrijedi-imati-u-ormaru\/48741\/","og_site_name":"Answear modni blog","article_published_time":"2023-11-21T11:02:23+00:00","article_modified_time":"2023-11-21T11:18:37+00:00","og_image":[{"width":1680,"height":679,"url":"https:\/\/answear.hr\/blog\/wp-content\/uploads\/2023\/11\/cover-1.jpg","type":"image\/jpeg"}],"author":"Answear","twitter_card":"summary_large_image","twitter_misc":{"Napisao\/la":"Answear","Procijenjeno vrijeme \u010ditanja":"9 minuta"},"schema":{"@context":"https:\/\/schema.org","@graph":[{"@type":"WebPage","@id":"https:\/\/answear.hr\/blog\/black-friday-klasici-koje-vrijedi-imati-u-ormaru\/48741\/","url":"https:\/\/answear.hr\/blog\/black-friday-klasici-koje-vrijedi-imati-u-ormaru\/48741\/","name":"BLACK FRIDAY: Klasici koje vrijedi imati u ormaru - Answear modni blog","isPartOf":{"@id":"https:\/\/answear.hr\/blog\/#website"},"datePublished":"2023-11-21T11:02:23+00:00","dateModified":"2023-11-21T11:18:37+00:00","author":{"@id":"https:\/\/answear.hr\/blog\/#\/schema\/person\/c3e5a4548505af3458f00d445fd56af5"},"description":"BLACK FRIDAY savr\u0161ena je prilika za sastavljanje funkcionalne garderobe koju mo\u017eete prilagoditi svakoj prilici. Vje\u0161to i razborito kora\u010dati kroz mno\u0161tvo","breadcrumb":{"@id":"https:\/\/answear.hr\/blog\/black-friday-klasici-koje-vrijedi-imati-u-ormaru\/48741\/#breadcrumb"},"inLanguage":"hr","potentialAction":[{"@type":"ReadAction","target":["https:\/\/answear.hr\/blog\/black-friday-klasici-koje-vrijedi-imati-u-ormaru\/48741\/"]}]},{"@type":"BreadcrumbList","@id":"https:\/\/answear.hr\/blog\/black-friday-klasici-koje-vrijedi-imati-u-ormaru\/48741\/#breadcrumb","itemListElement":[{"@type":"ListItem","position":1,"name":"Blog","item":"https:\/\/answear.hr\/blog\/"},{"@type":"ListItem","position":2,"name":"Inspirations","item":"https:\/\/answear.hr\/blog\/tematy\/inspirations\/"},{"@type":"ListItem","position":3,"name":"BLACK FRIDAY: Klasici koje vrijedi imati u ormaru"}]},{"@type":"WebSite","@id":"https:\/\/answear.hr\/blog\/#website","url":"https:\/\/answear.hr\/blog\/","name":"Answear modni blog","description":"Answear modni blog","potentialAction":[{"@type":"SearchAction","target":{"@type":"EntryPoint","urlTemplate":"https:\/\/answear.hr\/blog\/?s={search_term_string}"},"query-input":"required name=search_term_string"}],"inLanguage":"hr"},{"@type":"Person","@id":"https:\/\/answear.hr\/blog\/#\/schema\/person\/c3e5a4548505af3458f00d445fd56af5","name":"Answear","image":{"@type":"ImageObject","inLanguage":"hr","@id":"https:\/\/answear.hr\/blog\/#\/schema\/person\/image\/","url":"https:\/\/secure.gravatar.com\/avatar\/306a3c14f59e14766168b116b825f6ee?s=96&d=mm&r=g","contentUrl":"https:\/\/secure.gravatar.com\/avatar\/306a3c14f59e14766168b116b825f6ee?s=96&d=mm&r=g","caption":"Answear"},"url":"https:\/\/answear.hr\/blog\/author\/martina\/"}]}},"_links":{"self":[{"href":"https:\/\/answear.hr\/blog\/wp-json\/wp\/v2\/posts\/48741"}],"collection":[{"href":"https:\/\/answear.hr\/blog\/wp-json\/wp\/v2\/posts"}],"about":[{"href":"https:\/\/answear.hr\/blog\/wp-json\/wp\/v2\/types\/post"}],"author":[{"embeddable":true,"href":"https:\/\/answear.hr\/blog\/wp-json\/wp\/v2\/users\/54"}],"replies":[{"embeddable":true,"href":"https:\/\/answear.hr\/blog\/wp-json\/wp\/v2\/comments?post=48741"}],"version-history":[{"count":28,"href":"https:\/\/answear.hr\/blog\/wp-json\/wp\/v2\/posts\/48741\/revisions"}],"predecessor-version":[{"id":48782,"href":"https:\/\/answear.hr\/blog\/wp-json\/wp\/v2\/posts\/48741\/revisions\/48782"}],"wp:featuredmedia":[{"embeddable":true,"href":"https:\/\/answear.hr\/blog\/wp-json\/wp\/v2\/media\/48757"}],"wp:attachment":[{"href":"https:\/\/answear.hr\/blog\/wp-json\/wp\/v2\/media?parent=48741"}],"wp:term":[{"taxonomy":"category","embeddable":true,"href":"https:\/\/answear.hr\/blog\/wp-json\/wp\/v2\/categories?post=48741"},{"taxonomy":"post_tag","embeddable":true,"href":"https:\/\/answear.hr\/blog\/wp-json\/wp\/v2\/tags?post=48741"}],"curies":[{"name":"wp","href":"https:\/\/api.w.org\/{rel}","templated":true}]}}