{"id":49123,"date":"2024-02-07T12:49:31","date_gmt":"2024-02-07T11:49:31","guid":{"rendered":"https:\/\/answear.hr\/blog\/?p=49123"},"modified":"2024-02-07T12:55:20","modified_gmt":"2024-02-07T11:55:20","slug":"zreli-minimalizam-u-stilu-brenda-remain","status":"publish","type":"post","link":"https:\/\/answear.hr\/blog\/zreli-minimalizam-u-stilu-brenda-remain\/49123\/","title":{"rendered":"Zreli minimalizam u stilu brenda Remain"},"content":{"rendered":"<span class=\"rt-reading-time\" style=\"display: block;\"><span class=\"rt-label rt-prefix\">Vrijeme \u010ditanja<\/span> <span class=\"rt-time\">2<\/span> <span class=\"rt-label rt-postfix\">min<\/span><\/span><p><strong>Kako izgleda garderoba moderne \u017eene? Brend Remain pokazao je svoju viziju na Tjednu mode u Kopenhagenu, na reviji odr\u017eanoj u galeriji Den Frie.<\/strong><\/p>\n<p><!--more--><\/p>\n<p>Remain je osnovala Denise Christensen 2018. godine u Kopenhagenu. Brend reinterpretira ideju moderne \u017eenske garderobe, kombinira bezvremensku klasiku sa suvremenim i minimalisti\u010dkim komadima. Remain posve\u0107uje pozornost detaljima u svom stilu, a visokokvalitetna ko\u017ea njihov je za\u0161titni znak. Kako izgleda kolekcija za jesen-zimu 2024.?<\/p>\n<h2>Tjedan mode u Kopenhagenu<\/h2>\n<p>Predstavljena kolekcija kreirana je pod vodstvom novoimenovanog kreativnog direktora Martina Asbj\u00f8rna. Kreacije za sezonu jesen\/zima 2024. inspirirane su \u017eenstvenim odijevanjem i na \u010dvrstom su temelju i u sk\u0142adu s DNA brenda. Revija u Kopenhagenu sadr\u017eavala je strukturirane siluete, intrigantne kontraste u teksturama i sofisticiranu jednostavnost.<\/p>\n<p>\u201e\u017delio sam spojiti elemente klasi\u010dnog i bezvremenskog odijevanja, ali gledanog kroz prizmu suvremene, sna\u017ene \u017eene.\u201d, objasnio je Asbj\u00f8rn nakon revije i istaknuo da je kreiranju kolekcije pristupio intuitivno.<\/p>\n<p>\u201eGledam \u017eene oko sebe &#8211; u privatnom \u017eivotu, ali i u dru\u0161tvu kao cjelini. Za mene je ova kolekcija vibra i emocija koju sam oduvijek \u017eelio prenijeti.\u201d, istaknuo je dizajner.<\/p>\n<p><img loading=\"lazy\" decoding=\"async\" class=\"alignnone size-medium wp-image-49125\" src=\"https:\/\/answear.hr\/blog\/wp-content\/uploads\/2024\/02\/Remain_Inspide_2-1216x695.png\" alt=\"\" width=\"1216\" height=\"695\" srcset=\"https:\/\/answear.hr\/blog\/wp-content\/uploads\/2024\/02\/Remain_Inspide_2-1216x695.png 1216w, https:\/\/answear.hr\/blog\/wp-content\/uploads\/2024\/02\/Remain_Inspide_2-768x439.png 768w, https:\/\/answear.hr\/blog\/wp-content\/uploads\/2024\/02\/Remain_Inspide_2-1536x878.png 1536w, https:\/\/answear.hr\/blog\/wp-content\/uploads\/2024\/02\/Remain_Inspide_2-2048x1170.png 2048w\" sizes=\"(max-width: 1216px) 100vw, 1216px\" \/><\/p>\n<p style=\"text-align: center;\"><span style=\"font-size: 8pt;\">FOTO: James Cochrane\/ Copenhagen Fashion Week<\/span><\/p>\n<h2>Kolekcija dotjerana u svakom detalju<\/h2>\n<p>Revija brenda odr\u017eana je u Den Frieu. Galerija je pru\u017eila savr\u0161enu pozadinu za minimalisti\u010dku prirodu kolekcije. Stilovi predstavljeni na modnoj pisti postali su sredi\u0161nji dio modne revije. Uvodne kreacije bile su sirove, ozbiljne i savr\u0161eno skrojene.<\/p>\n<p><img loading=\"lazy\" decoding=\"async\" class=\"alignnone size-medium wp-image-49124\" src=\"https:\/\/answear.hr\/blog\/wp-content\/uploads\/2024\/02\/Remain_inside_1-1216x695.png\" alt=\"\" width=\"1216\" height=\"695\" srcset=\"https:\/\/answear.hr\/blog\/wp-content\/uploads\/2024\/02\/Remain_inside_1-1216x695.png 1216w, https:\/\/answear.hr\/blog\/wp-content\/uploads\/2024\/02\/Remain_inside_1-768x439.png 768w, https:\/\/answear.hr\/blog\/wp-content\/uploads\/2024\/02\/Remain_inside_1-1536x878.png 1536w, https:\/\/answear.hr\/blog\/wp-content\/uploads\/2024\/02\/Remain_inside_1-2048x1170.png 2048w\" sizes=\"(max-width: 1216px) 100vw, 1216px\" \/><\/p>\n<p style=\"text-align: center;\"><span style=\"font-size: 8pt;\">FOTO: James Cochrane\/ Copenhagen Fashion Week<\/span><\/p>\n<p>Kolekcijom dominiraju tamni tonovi- bordo, zelena, sme\u0111a i crna. Bilo je tu i svje\u017eih, ljubi\u010dastih nijansi. Dovoljan je jedan pogled na kolekciju i lako se zaklju\u010di da su svi komadi koherentni jedan s drugim i dotjerani u svakom detalju.<\/p>\n<p>\u201ePrva kolekcija brenda Remain, pod vodstvom novog kreativnog direktora Martina Asbjoerna, prikazala je najbolje od brenda i podigla ga na vi\u0161u razinu. Neutralna shema boja, nadopunjena prigu\u0161enim pastelnim bojama dobro se poigrala s minimalisti\u010dkim oblicima. Remain ovom kolekcijom dokazuje da je jedan od vrhunskih danskih brendova.\u201d, opisao je svoje dojmove \u0141ukasz Witek, glavni stilist Answeara.<\/p>\n","protected":false},"excerpt":{"rendered":"<p><span class=\"rt-reading-time\" style=\"display: block;\"><span class=\"rt-label rt-prefix\">Vrijeme \u010ditanja<\/span> <span class=\"rt-time\">2<\/span> <span class=\"rt-label rt-postfix\">min<\/span><\/span> Kako izgleda garderoba moderne \u017eene? Brend Remain pokazao je svoju viziju na Tjednu mode u Kopenhagenu, na reviji odr\u017eanoj u galeriji Den Frie.<\/p>\n","protected":false},"author":54,"featured_media":49128,"comment_status":"closed","ping_status":"closed","sticky":false,"template":"","format":"standard","meta":{"footnotes":""},"categories":[23],"tags":[],"class_list":["post-49123","post","type-post","status-publish","format-standard","has-post-thumbnail","hentry","category-fashion"],"yoast_head":"<!-- This site is optimized with the Yoast SEO plugin v22.0 - https:\/\/yoast.com\/wordpress\/plugins\/seo\/ -->\n<title>Zreli minimalizam u stilu brenda Remain - Answear modni blog<\/title>\n<meta name=\"description\" content=\"Kako izgleda garderoba moderne \u017eene? Brend Remain pokazao je svoju viziju na Tjednu mode u Kopenhagenu, na reviji odr\u017eanoj u galeriji Den Frie. Remain je\" \/>\n<meta name=\"robots\" content=\"index, follow, max-snippet:-1, max-image-preview:large, max-video-preview:-1\" \/>\n<link rel=\"canonical\" href=\"https:\/\/answear.hr\/blog\/zreli-minimalizam-u-stilu-brenda-remain\/49123\/\" \/>\n<meta property=\"og:locale\" content=\"hr_HR\" \/>\n<meta property=\"og:type\" content=\"article\" \/>\n<meta property=\"og:title\" content=\"Zreli minimalizam u stilu brenda Remain - Answear modni blog\" \/>\n<meta property=\"og:description\" content=\"Kako izgleda garderoba moderne \u017eene? Brend Remain pokazao je svoju viziju na Tjednu mode u Kopenhagenu, na reviji odr\u017eanoj u galeriji Den Frie. Remain je\" \/>\n<meta property=\"og:url\" content=\"https:\/\/answear.hr\/blog\/zreli-minimalizam-u-stilu-brenda-remain\/49123\/\" \/>\n<meta property=\"og:site_name\" content=\"Answear modni blog\" \/>\n<meta property=\"article:published_time\" content=\"2024-02-07T11:49:31+00:00\" \/>\n<meta property=\"article:modified_time\" content=\"2024-02-07T11:55:20+00:00\" \/>\n<meta property=\"og:image\" content=\"https:\/\/answear.hr\/blog\/wp-content\/uploads\/2024\/02\/Remain_cover.jpg\" \/>\n\t<meta property=\"og:image:width\" content=\"1679\" \/>\n\t<meta property=\"og:image:height\" content=\"679\" \/>\n\t<meta property=\"og:image:type\" content=\"image\/jpeg\" \/>\n<meta name=\"author\" content=\"Answear\" \/>\n<meta name=\"twitter:card\" content=\"summary_large_image\" \/>\n<meta name=\"twitter:label1\" content=\"Napisao\/la\" \/>\n\t<meta name=\"twitter:data1\" content=\"Answear\" \/>\n\t<meta name=\"twitter:label2\" content=\"Procijenjeno vrijeme \u010ditanja\" \/>\n\t<meta name=\"twitter:data2\" content=\"3 minute\" \/>\n<script type=\"application\/ld+json\" class=\"yoast-schema-graph\">{\"@context\":\"https:\/\/schema.org\",\"@graph\":[{\"@type\":\"WebPage\",\"@id\":\"https:\/\/answear.hr\/blog\/zreli-minimalizam-u-stilu-brenda-remain\/49123\/\",\"url\":\"https:\/\/answear.hr\/blog\/zreli-minimalizam-u-stilu-brenda-remain\/49123\/\",\"name\":\"Zreli minimalizam u stilu brenda Remain - Answear modni blog\",\"isPartOf\":{\"@id\":\"https:\/\/answear.hr\/blog\/#website\"},\"datePublished\":\"2024-02-07T11:49:31+00:00\",\"dateModified\":\"2024-02-07T11:55:20+00:00\",\"author\":{\"@id\":\"https:\/\/answear.hr\/blog\/#\/schema\/person\/c3e5a4548505af3458f00d445fd56af5\"},\"description\":\"Kako izgleda garderoba moderne \u017eene? Brend Remain pokazao je svoju viziju na Tjednu mode u Kopenhagenu, na reviji odr\u017eanoj u galeriji Den Frie. Remain je\",\"breadcrumb\":{\"@id\":\"https:\/\/answear.hr\/blog\/zreli-minimalizam-u-stilu-brenda-remain\/49123\/#breadcrumb\"},\"inLanguage\":\"hr\",\"potentialAction\":[{\"@type\":\"ReadAction\",\"target\":[\"https:\/\/answear.hr\/blog\/zreli-minimalizam-u-stilu-brenda-remain\/49123\/\"]}]},{\"@type\":\"BreadcrumbList\",\"@id\":\"https:\/\/answear.hr\/blog\/zreli-minimalizam-u-stilu-brenda-remain\/49123\/#breadcrumb\",\"itemListElement\":[{\"@type\":\"ListItem\",\"position\":1,\"name\":\"Blog\",\"item\":\"https:\/\/answear.hr\/blog\/\"},{\"@type\":\"ListItem\",\"position\":2,\"name\":\"Fashion\",\"item\":\"https:\/\/answear.hr\/blog\/tematy\/fashion\/\"},{\"@type\":\"ListItem\",\"position\":3,\"name\":\"Zreli minimalizam u stilu brenda Remain\"}]},{\"@type\":\"WebSite\",\"@id\":\"https:\/\/answear.hr\/blog\/#website\",\"url\":\"https:\/\/answear.hr\/blog\/\",\"name\":\"Answear modni blog\",\"description\":\"Answear modni blog\",\"potentialAction\":[{\"@type\":\"SearchAction\",\"target\":{\"@type\":\"EntryPoint\",\"urlTemplate\":\"https:\/\/answear.hr\/blog\/?s={search_term_string}\"},\"query-input\":\"required name=search_term_string\"}],\"inLanguage\":\"hr\"},{\"@type\":\"Person\",\"@id\":\"https:\/\/answear.hr\/blog\/#\/schema\/person\/c3e5a4548505af3458f00d445fd56af5\",\"name\":\"Answear\",\"image\":{\"@type\":\"ImageObject\",\"inLanguage\":\"hr\",\"@id\":\"https:\/\/answear.hr\/blog\/#\/schema\/person\/image\/\",\"url\":\"https:\/\/secure.gravatar.com\/avatar\/306a3c14f59e14766168b116b825f6ee?s=96&d=mm&r=g\",\"contentUrl\":\"https:\/\/secure.gravatar.com\/avatar\/306a3c14f59e14766168b116b825f6ee?s=96&d=mm&r=g\",\"caption\":\"Answear\"},\"url\":\"https:\/\/answear.hr\/blog\/author\/martina\/\"}]}<\/script>\n<!-- \/ Yoast SEO plugin. -->","yoast_head_json":{"title":"Zreli minimalizam u stilu brenda Remain - Answear modni blog","description":"Kako izgleda garderoba moderne \u017eene? Brend Remain pokazao je svoju viziju na Tjednu mode u Kopenhagenu, na reviji odr\u017eanoj u galeriji Den Frie. Remain je","robots":{"index":"index","follow":"follow","max-snippet":"max-snippet:-1","max-image-preview":"max-image-preview:large","max-video-preview":"max-video-preview:-1"},"canonical":"https:\/\/answear.hr\/blog\/zreli-minimalizam-u-stilu-brenda-remain\/49123\/","og_locale":"hr_HR","og_type":"article","og_title":"Zreli minimalizam u stilu brenda Remain - Answear modni blog","og_description":"Kako izgleda garderoba moderne \u017eene? Brend Remain pokazao je svoju viziju na Tjednu mode u Kopenhagenu, na reviji odr\u017eanoj u galeriji Den Frie. Remain je","og_url":"https:\/\/answear.hr\/blog\/zreli-minimalizam-u-stilu-brenda-remain\/49123\/","og_site_name":"Answear modni blog","article_published_time":"2024-02-07T11:49:31+00:00","article_modified_time":"2024-02-07T11:55:20+00:00","og_image":[{"width":1679,"height":679,"url":"https:\/\/answear.hr\/blog\/wp-content\/uploads\/2024\/02\/Remain_cover.jpg","type":"image\/jpeg"}],"author":"Answear","twitter_card":"summary_large_image","twitter_misc":{"Napisao\/la":"Answear","Procijenjeno vrijeme \u010ditanja":"3 minute"},"schema":{"@context":"https:\/\/schema.org","@graph":[{"@type":"WebPage","@id":"https:\/\/answear.hr\/blog\/zreli-minimalizam-u-stilu-brenda-remain\/49123\/","url":"https:\/\/answear.hr\/blog\/zreli-minimalizam-u-stilu-brenda-remain\/49123\/","name":"Zreli minimalizam u stilu brenda Remain - Answear modni blog","isPartOf":{"@id":"https:\/\/answear.hr\/blog\/#website"},"datePublished":"2024-02-07T11:49:31+00:00","dateModified":"2024-02-07T11:55:20+00:00","author":{"@id":"https:\/\/answear.hr\/blog\/#\/schema\/person\/c3e5a4548505af3458f00d445fd56af5"},"description":"Kako izgleda garderoba moderne \u017eene? Brend Remain pokazao je svoju viziju na Tjednu mode u Kopenhagenu, na reviji odr\u017eanoj u galeriji Den Frie. Remain je","breadcrumb":{"@id":"https:\/\/answear.hr\/blog\/zreli-minimalizam-u-stilu-brenda-remain\/49123\/#breadcrumb"},"inLanguage":"hr","potentialAction":[{"@type":"ReadAction","target":["https:\/\/answear.hr\/blog\/zreli-minimalizam-u-stilu-brenda-remain\/49123\/"]}]},{"@type":"BreadcrumbList","@id":"https:\/\/answear.hr\/blog\/zreli-minimalizam-u-stilu-brenda-remain\/49123\/#breadcrumb","itemListElement":[{"@type":"ListItem","position":1,"name":"Blog","item":"https:\/\/answear.hr\/blog\/"},{"@type":"ListItem","position":2,"name":"Fashion","item":"https:\/\/answear.hr\/blog\/tematy\/fashion\/"},{"@type":"ListItem","position":3,"name":"Zreli minimalizam u stilu brenda Remain"}]},{"@type":"WebSite","@id":"https:\/\/answear.hr\/blog\/#website","url":"https:\/\/answear.hr\/blog\/","name":"Answear modni blog","description":"Answear modni blog","potentialAction":[{"@type":"SearchAction","target":{"@type":"EntryPoint","urlTemplate":"https:\/\/answear.hr\/blog\/?s={search_term_string}"},"query-input":"required name=search_term_string"}],"inLanguage":"hr"},{"@type":"Person","@id":"https:\/\/answear.hr\/blog\/#\/schema\/person\/c3e5a4548505af3458f00d445fd56af5","name":"Answear","image":{"@type":"ImageObject","inLanguage":"hr","@id":"https:\/\/answear.hr\/blog\/#\/schema\/person\/image\/","url":"https:\/\/secure.gravatar.com\/avatar\/306a3c14f59e14766168b116b825f6ee?s=96&d=mm&r=g","contentUrl":"https:\/\/secure.gravatar.com\/avatar\/306a3c14f59e14766168b116b825f6ee?s=96&d=mm&r=g","caption":"Answear"},"url":"https:\/\/answear.hr\/blog\/author\/martina\/"}]}},"_links":{"self":[{"href":"https:\/\/answear.hr\/blog\/wp-json\/wp\/v2\/posts\/49123"}],"collection":[{"href":"https:\/\/answear.hr\/blog\/wp-json\/wp\/v2\/posts"}],"about":[{"href":"https:\/\/answear.hr\/blog\/wp-json\/wp\/v2\/types\/post"}],"author":[{"embeddable":true,"href":"https:\/\/answear.hr\/blog\/wp-json\/wp\/v2\/users\/54"}],"replies":[{"embeddable":true,"href":"https:\/\/answear.hr\/blog\/wp-json\/wp\/v2\/comments?post=49123"}],"version-history":[{"count":4,"href":"https:\/\/answear.hr\/blog\/wp-json\/wp\/v2\/posts\/49123\/revisions"}],"predecessor-version":[{"id":49131,"href":"https:\/\/answear.hr\/blog\/wp-json\/wp\/v2\/posts\/49123\/revisions\/49131"}],"wp:featuredmedia":[{"embeddable":true,"href":"https:\/\/answear.hr\/blog\/wp-json\/wp\/v2\/media\/49128"}],"wp:attachment":[{"href":"https:\/\/answear.hr\/blog\/wp-json\/wp\/v2\/media?parent=49123"}],"wp:term":[{"taxonomy":"category","embeddable":true,"href":"https:\/\/answear.hr\/blog\/wp-json\/wp\/v2\/categories?post=49123"},{"taxonomy":"post_tag","embeddable":true,"href":"https:\/\/answear.hr\/blog\/wp-json\/wp\/v2\/tags?post=49123"}],"curies":[{"name":"wp","href":"https:\/\/api.w.org\/{rel}","templated":true}]}}