{"id":49267,"date":"2024-02-29T17:03:02","date_gmt":"2024-02-29T16:03:02","guid":{"rendered":"https:\/\/answear.hr\/blog\/?p=49267"},"modified":"2024-02-29T17:10:47","modified_gmt":"2024-02-29T16:10:47","slug":"tjedan-mode-u-milanu-uz-answear","status":"publish","type":"post","link":"https:\/\/answear.hr\/blog\/tjedan-mode-u-milanu-uz-answear\/49267\/","title":{"rendered":"Tjedan mode u Milanu uz Answear"},"content":{"rendered":"<span class=\"rt-reading-time\" style=\"display: block;\"><span class=\"rt-label rt-prefix\">Vrijeme \u010ditanja<\/span> <span class=\"rt-time\">3<\/span> <span class=\"rt-label rt-postfix\">min<\/span><\/span><p><strong>Tjedan mode u Milanu pravi je praznik mode. Modne piste predstavljaju kolekcije najistaknutijih dizajnera, a ulice grada preplavljene su originalnim stilovima sudionika talijanskog tjedna mode. \u010citaju\u0107i na\u0161u recenziju u nastavku, osjetit \u0107ete jedinstvenu atmosferu ovog doga\u0111anja, ali i doznati &#8211; \u0161to odjenuti u sezoni jesen-zima 2024.<\/strong><!--more--><\/p>\n<p class=\"bigletter\">Tjedan mode u Milanu okupljenima je pru\u017eio obilje modnih senzacija. Renomirane modne ku\u0107e: Gucci, Emporio Armani, Versace, Dolce&amp;Gabbana, Twinset i Elisabetta Franchi, predstavile su svoje najnovije kolekcije. Pitate se \u0161to nositi u sezoni jesen-zima 2024.? Evo i na\u0161ega izvje\u0161\u0107a s ovog jedinstvenog doga\u0111anja.<\/p>\n<h2 style=\"text-align: center;\">Twinset: crno-bijela igra<\/h2>\n<p>Tjedan mode u Milanu otvoren je revijom brenda Twinset na kojoj su se predstavili top modeli koji su godinama povezani s brendom &#8211; Natasha Poly by Amber Valletta i Franziska Jetzek. Revija je uhvatila su\u0161tinski Twinset stil &#8211; spoj umjetni\u010dkog duha s izrazitim rock stilom. Ova originalna fuzija postignuta je kombiniranjem, primjerice, bikerskih \u010dizama s dugim plisiranim haljinama ili pak kreacijama s umetcima na prsima.<\/p>\n<p>Kolekcijom jesen\/zima 2024. dominira pletenina koja se koristi u \u0161arenim kombinacijama, \u010dipkastim haljinama i d\u017eemperima od debelog pletiva. Twinset se u svojim stilovima poigrava kontrastom crne i bijele, dodaju\u0107i neutralnu paletu boja uz dodatak jarko crvene i \u017eute. Siluete su pak monokromatske i minimalisti\u010dke.<\/p>\n<p>\u201eU novoj kolekciji brenda Twinset dominiraju crna i bijela boja s briljantno utkanim crvenim, \u017eutim i zlatnim siluetama. Ono \u0161to je svakako zapanjuju\u0107e su sve teksture koje su se pojavile na modnoj pisti &#8211; \u010dipka, pletivo, vezovi i ukrasi za nakit. Ono \u0161to je tako\u0111er vidljivo na prvi pogled &#8211; ako jo\u0161 nemate biciklisti\u010dke \u010dizme u svom ormaru, krajnje je vrijeme da ih kupite!\u201d, rekao je \u0141ukasz Witek, glavni stilist Answeara.<\/p>\n<figure id=\"attachment_49269\" aria-describedby=\"caption-attachment-49269\" style=\"width: 1303px\" class=\"wp-caption aligncenter\"><a href=\"https:\/\/answear.hr\/k\/zene?q=twinset\"><img loading=\"lazy\" decoding=\"async\" class=\"wp-image-49269 size-medium\" src=\"https:\/\/answear.hr\/blog\/wp-content\/uploads\/2024\/02\/milan_4-1303x695.png\" alt=\"Otkrij Twinset kolekciju na Answear.hr \" width=\"1303\" height=\"695\" srcset=\"https:\/\/answear.hr\/blog\/wp-content\/uploads\/2024\/02\/milan_4-1303x695.png 1303w, https:\/\/answear.hr\/blog\/wp-content\/uploads\/2024\/02\/milan_4-768x410.png 768w, https:\/\/answear.hr\/blog\/wp-content\/uploads\/2024\/02\/milan_4-1536x819.png 1536w, https:\/\/answear.hr\/blog\/wp-content\/uploads\/2024\/02\/milan_4-2048x1092.png 2048w\" sizes=\"(max-width: 1303px) 100vw, 1303px\" \/><\/a><figcaption id=\"caption-attachment-49269\" class=\"wp-caption-text\"><a href=\"https:\/\/answear.hr\/k\/zene?q=twinset\">Otkrij Twinset kolekciju na Answear.hr<\/a><\/figcaption><\/figure>\n<h2 style=\"text-align: center;\">Impresivna Emporio Armani revija<\/h2>\n<p>Od \u0161ljoki\u010dastih ve\u010dernjih jakni i sjajnih odijela do pripijenih ve\u010dernjih haljina &#8211; na reviji Emporio Armani vidjeli smo varijacije na temu ve\u010dernje odje\u0107e. Kreacije iz kolekcije &#8220;Night Glow&#8221;, predstavljene na Tjednu mode u Milanu, savr\u0161eno su odra\u017eavale istoimeno zvjezdano no\u0107no nebo. Ova tema nije prisutna samo u ukrasima od \u0161ljokica, ve\u0107 i u bojama &#8211; srebrnoj, crnoj, ljubi\u010dastoj i zelenoj.<\/p>\n<p>Materijal, lepr\u0161ave hla\u010de s naboranim rubovima, prozirne suknje od organze i odva\u017eno, \u0161areno umjetno krzno, savr\u0161eno prenose slobodu koju Emporio Armani toliko cijeni u procesu dizajna.<\/p>\n<p>Emporio Armani zavr\u0161io je reviju na neobi\u010dan na\u010din. Snijeg je lagano padao po modnoj pisti, a modeli odjeveni u ve\u010dernju odje\u0107u \u0161etali su izme\u0111u publike s ki\u0161obranima iznad glave. Posjetitelji \u0107e zasigurno jo\u0161 dugo pamtiti ovu reviju.<\/p>\n<p><img loading=\"lazy\" decoding=\"async\" class=\"alignnone size-medium wp-image-49273\" src=\"https:\/\/answear.hr\/blog\/wp-content\/uploads\/2024\/02\/milan_3-1303x695.png\" alt=\"\" width=\"1303\" height=\"695\" srcset=\"https:\/\/answear.hr\/blog\/wp-content\/uploads\/2024\/02\/milan_3-1303x695.png 1303w, https:\/\/answear.hr\/blog\/wp-content\/uploads\/2024\/02\/milan_3-768x410.png 768w, https:\/\/answear.hr\/blog\/wp-content\/uploads\/2024\/02\/milan_3-1536x819.png 1536w, https:\/\/answear.hr\/blog\/wp-content\/uploads\/2024\/02\/milan_3-2048x1092.png 2048w\" sizes=\"(max-width: 1303px) 100vw, 1303px\" \/><\/p>\n<h2 style=\"text-align: center;\">Modna revija u akademskoj knji\u017enici<\/h2>\n<p>U kreiranju kolekcije jesen-zima 2024. brend Elisabetta Franchi inspiriran je bezvremenskom estetikom engleskih sveu\u010dili\u0161nih uniformi. Brend je svoju kolekciju predstavio, tijekom modnog doga\u0111anja u Milanu, kao portret oslobo\u0111ene, suvremene \u017eene. Manekenke su \u0161etale modnom pistom u pratnji energi\u010dne glazbe i jedinstvenom scenografijom koja replicira interijer knji\u017enice.<\/p>\n<p>Publika je nazo\u010dila novom, suvremenom pogledu na akademski stil kojega su oplemenile plisirane suknje, kardigani, puloveri u kombinaciji s ko\u0161uljama, kao i jakne i kaputi mu\u017eevnih krojeva. Glavni uzorak koji se provla\u010di kroz dizajn brenda je tartan u rouge noir i sivoj boji. Nova kolekcija brenda elegantna je mje\u0161avina vintagea, glamura i modernih oblika.<\/p>\n<h2 style=\"text-align: center;\">MSGM i trendovi ukratko<\/h2>\n<p>MSGM se isti\u010de minimalisti\u010dkim dizajnom ukra\u0161enim \u0161arenim printom. Dizajner Massimo Giorgetti, inspiriran je umjetno\u0161\u0107u, glazbom i aktualnim svjetskim modnim trendovima pa i kolekcija za jesen-zimu 2024. upravo to potvr\u0111uje. Giorgetti predstavlja \u017eensku konfekciju u raznim krojevima, teksturama i bojama.<\/p>\n<figure id=\"attachment_49274\" aria-describedby=\"caption-attachment-49274\" style=\"width: 1303px\" class=\"wp-caption alignnone\"><a href=\"http:\/\/answear.hr\/k\/zene?q=msgm\"><img loading=\"lazy\" decoding=\"async\" class=\"wp-image-49274 size-medium\" src=\"https:\/\/answear.hr\/blog\/wp-content\/uploads\/2024\/02\/milan_1-1303x695.png\" alt=\"\" width=\"1303\" height=\"695\" srcset=\"https:\/\/answear.hr\/blog\/wp-content\/uploads\/2024\/02\/milan_1-1303x695.png 1303w, https:\/\/answear.hr\/blog\/wp-content\/uploads\/2024\/02\/milan_1-768x410.png 768w, https:\/\/answear.hr\/blog\/wp-content\/uploads\/2024\/02\/milan_1-1536x819.png 1536w, https:\/\/answear.hr\/blog\/wp-content\/uploads\/2024\/02\/milan_1-2048x1092.png 2048w\" sizes=\"(max-width: 1303px) 100vw, 1303px\" \/><\/a><figcaption id=\"caption-attachment-49274\" class=\"wp-caption-text\"><a href=\"https:\/\/answear.hr\/k\/zene?q=msgm\">Kreiraj look uz brend MSGM <\/a><\/figcaption><\/figure>\n<p class=\"kropka\">\u201eMSGM je pokazao trendove za sljede\u0107u sezonu &#8211; sjajna ko\u017ea, ukrasi od nakita, mekane teksture i moj omiljeni element \u2013 hla\u010de od krzna i dodatci. Izgledalo je vrlo impresivno.\u201d, prenio je \u0141ukasz Witek, glavni stilist Answeara.<\/p>\n","protected":false},"excerpt":{"rendered":"<p><span class=\"rt-reading-time\" style=\"display: block;\"><span class=\"rt-label rt-prefix\">Vrijeme \u010ditanja<\/span> <span class=\"rt-time\">3<\/span> <span class=\"rt-label rt-postfix\">min<\/span><\/span> Tjedan mode u Milanu pravi je praznik mode. Modne piste predstavljaju kolekcije najistaknutijih dizajnera, a ulice grada preplavljene su originalnim stilovima sudionika talijanskog tjedna mode. \u010citaju\u0107i na\u0161u recenziju u nastavku, osjetit \u0107ete jedinstvenu atmosferu ovog doga\u0111anja, ali i doznati &#8211; \u0161to odjenuti u sezoni jesen-zima 2024.<\/p>\n","protected":false},"author":54,"featured_media":49271,"comment_status":"closed","ping_status":"closed","sticky":false,"template":"","format":"standard","meta":{"footnotes":""},"categories":[23],"tags":[],"class_list":["post-49267","post","type-post","status-publish","format-standard","has-post-thumbnail","hentry","category-fashion"],"yoast_head":"<!-- This site is optimized with the Yoast SEO plugin v22.0 - https:\/\/yoast.com\/wordpress\/plugins\/seo\/ -->\n<title>Tjedan mode u Milanu uz Answear - Answear modni blog<\/title>\n<meta name=\"description\" content=\"Tjedan mode u Milanu pravi je praznik mode. Modne piste predstavljaju kolekcije najistaknutijih dizajnera, a ulice grada preplavljene su originalnim\" \/>\n<meta name=\"robots\" content=\"index, follow, max-snippet:-1, max-image-preview:large, max-video-preview:-1\" \/>\n<link rel=\"canonical\" href=\"https:\/\/answear.hr\/blog\/tjedan-mode-u-milanu-uz-answear\/49267\/\" \/>\n<meta property=\"og:locale\" content=\"hr_HR\" \/>\n<meta property=\"og:type\" content=\"article\" \/>\n<meta property=\"og:title\" content=\"Tjedan mode u Milanu uz Answear - Answear modni blog\" \/>\n<meta property=\"og:description\" content=\"Tjedan mode u Milanu pravi je praznik mode. Modne piste predstavljaju kolekcije najistaknutijih dizajnera, a ulice grada preplavljene su originalnim\" \/>\n<meta property=\"og:url\" content=\"https:\/\/answear.hr\/blog\/tjedan-mode-u-milanu-uz-answear\/49267\/\" \/>\n<meta property=\"og:site_name\" content=\"Answear modni blog\" \/>\n<meta property=\"article:published_time\" content=\"2024-02-29T16:03:02+00:00\" \/>\n<meta property=\"article:modified_time\" content=\"2024-02-29T16:10:47+00:00\" \/>\n<meta property=\"og:image\" content=\"https:\/\/answear.hr\/blog\/wp-content\/uploads\/2024\/02\/milan_FW_Main-photot.png\" \/>\n\t<meta property=\"og:image:width\" content=\"1672\" \/>\n\t<meta property=\"og:image:height\" content=\"680\" \/>\n\t<meta property=\"og:image:type\" content=\"image\/png\" \/>\n<meta name=\"author\" content=\"Answear\" \/>\n<meta name=\"twitter:card\" content=\"summary_large_image\" \/>\n<meta name=\"twitter:label1\" content=\"Napisao\/la\" \/>\n\t<meta name=\"twitter:data1\" content=\"Answear\" \/>\n\t<meta name=\"twitter:label2\" content=\"Procijenjeno vrijeme \u010ditanja\" \/>\n\t<meta name=\"twitter:data2\" content=\"5 minuta\" \/>\n<script type=\"application\/ld+json\" class=\"yoast-schema-graph\">{\"@context\":\"https:\/\/schema.org\",\"@graph\":[{\"@type\":\"WebPage\",\"@id\":\"https:\/\/answear.hr\/blog\/tjedan-mode-u-milanu-uz-answear\/49267\/\",\"url\":\"https:\/\/answear.hr\/blog\/tjedan-mode-u-milanu-uz-answear\/49267\/\",\"name\":\"Tjedan mode u Milanu uz Answear - Answear modni blog\",\"isPartOf\":{\"@id\":\"https:\/\/answear.hr\/blog\/#website\"},\"datePublished\":\"2024-02-29T16:03:02+00:00\",\"dateModified\":\"2024-02-29T16:10:47+00:00\",\"author\":{\"@id\":\"https:\/\/answear.hr\/blog\/#\/schema\/person\/c3e5a4548505af3458f00d445fd56af5\"},\"description\":\"Tjedan mode u Milanu pravi je praznik mode. Modne piste predstavljaju kolekcije najistaknutijih dizajnera, a ulice grada preplavljene su originalnim\",\"breadcrumb\":{\"@id\":\"https:\/\/answear.hr\/blog\/tjedan-mode-u-milanu-uz-answear\/49267\/#breadcrumb\"},\"inLanguage\":\"hr\",\"potentialAction\":[{\"@type\":\"ReadAction\",\"target\":[\"https:\/\/answear.hr\/blog\/tjedan-mode-u-milanu-uz-answear\/49267\/\"]}]},{\"@type\":\"BreadcrumbList\",\"@id\":\"https:\/\/answear.hr\/blog\/tjedan-mode-u-milanu-uz-answear\/49267\/#breadcrumb\",\"itemListElement\":[{\"@type\":\"ListItem\",\"position\":1,\"name\":\"Blog\",\"item\":\"https:\/\/answear.hr\/blog\/\"},{\"@type\":\"ListItem\",\"position\":2,\"name\":\"Fashion\",\"item\":\"https:\/\/answear.hr\/blog\/tematy\/fashion\/\"},{\"@type\":\"ListItem\",\"position\":3,\"name\":\"Tjedan mode u Milanu uz Answear\"}]},{\"@type\":\"WebSite\",\"@id\":\"https:\/\/answear.hr\/blog\/#website\",\"url\":\"https:\/\/answear.hr\/blog\/\",\"name\":\"Answear modni blog\",\"description\":\"Answear modni blog\",\"potentialAction\":[{\"@type\":\"SearchAction\",\"target\":{\"@type\":\"EntryPoint\",\"urlTemplate\":\"https:\/\/answear.hr\/blog\/?s={search_term_string}\"},\"query-input\":\"required name=search_term_string\"}],\"inLanguage\":\"hr\"},{\"@type\":\"Person\",\"@id\":\"https:\/\/answear.hr\/blog\/#\/schema\/person\/c3e5a4548505af3458f00d445fd56af5\",\"name\":\"Answear\",\"image\":{\"@type\":\"ImageObject\",\"inLanguage\":\"hr\",\"@id\":\"https:\/\/answear.hr\/blog\/#\/schema\/person\/image\/\",\"url\":\"https:\/\/secure.gravatar.com\/avatar\/306a3c14f59e14766168b116b825f6ee?s=96&d=mm&r=g\",\"contentUrl\":\"https:\/\/secure.gravatar.com\/avatar\/306a3c14f59e14766168b116b825f6ee?s=96&d=mm&r=g\",\"caption\":\"Answear\"},\"url\":\"https:\/\/answear.hr\/blog\/author\/martina\/\"}]}<\/script>\n<!-- \/ Yoast SEO plugin. -->","yoast_head_json":{"title":"Tjedan mode u Milanu uz Answear - Answear modni blog","description":"Tjedan mode u Milanu pravi je praznik mode. Modne piste predstavljaju kolekcije najistaknutijih dizajnera, a ulice grada preplavljene su originalnim","robots":{"index":"index","follow":"follow","max-snippet":"max-snippet:-1","max-image-preview":"max-image-preview:large","max-video-preview":"max-video-preview:-1"},"canonical":"https:\/\/answear.hr\/blog\/tjedan-mode-u-milanu-uz-answear\/49267\/","og_locale":"hr_HR","og_type":"article","og_title":"Tjedan mode u Milanu uz Answear - Answear modni blog","og_description":"Tjedan mode u Milanu pravi je praznik mode. Modne piste predstavljaju kolekcije najistaknutijih dizajnera, a ulice grada preplavljene su originalnim","og_url":"https:\/\/answear.hr\/blog\/tjedan-mode-u-milanu-uz-answear\/49267\/","og_site_name":"Answear modni blog","article_published_time":"2024-02-29T16:03:02+00:00","article_modified_time":"2024-02-29T16:10:47+00:00","og_image":[{"width":1672,"height":680,"url":"https:\/\/answear.hr\/blog\/wp-content\/uploads\/2024\/02\/milan_FW_Main-photot.png","type":"image\/png"}],"author":"Answear","twitter_card":"summary_large_image","twitter_misc":{"Napisao\/la":"Answear","Procijenjeno vrijeme \u010ditanja":"5 minuta"},"schema":{"@context":"https:\/\/schema.org","@graph":[{"@type":"WebPage","@id":"https:\/\/answear.hr\/blog\/tjedan-mode-u-milanu-uz-answear\/49267\/","url":"https:\/\/answear.hr\/blog\/tjedan-mode-u-milanu-uz-answear\/49267\/","name":"Tjedan mode u Milanu uz Answear - Answear modni blog","isPartOf":{"@id":"https:\/\/answear.hr\/blog\/#website"},"datePublished":"2024-02-29T16:03:02+00:00","dateModified":"2024-02-29T16:10:47+00:00","author":{"@id":"https:\/\/answear.hr\/blog\/#\/schema\/person\/c3e5a4548505af3458f00d445fd56af5"},"description":"Tjedan mode u Milanu pravi je praznik mode. Modne piste predstavljaju kolekcije najistaknutijih dizajnera, a ulice grada preplavljene su originalnim","breadcrumb":{"@id":"https:\/\/answear.hr\/blog\/tjedan-mode-u-milanu-uz-answear\/49267\/#breadcrumb"},"inLanguage":"hr","potentialAction":[{"@type":"ReadAction","target":["https:\/\/answear.hr\/blog\/tjedan-mode-u-milanu-uz-answear\/49267\/"]}]},{"@type":"BreadcrumbList","@id":"https:\/\/answear.hr\/blog\/tjedan-mode-u-milanu-uz-answear\/49267\/#breadcrumb","itemListElement":[{"@type":"ListItem","position":1,"name":"Blog","item":"https:\/\/answear.hr\/blog\/"},{"@type":"ListItem","position":2,"name":"Fashion","item":"https:\/\/answear.hr\/blog\/tematy\/fashion\/"},{"@type":"ListItem","position":3,"name":"Tjedan mode u Milanu uz Answear"}]},{"@type":"WebSite","@id":"https:\/\/answear.hr\/blog\/#website","url":"https:\/\/answear.hr\/blog\/","name":"Answear modni blog","description":"Answear modni blog","potentialAction":[{"@type":"SearchAction","target":{"@type":"EntryPoint","urlTemplate":"https:\/\/answear.hr\/blog\/?s={search_term_string}"},"query-input":"required name=search_term_string"}],"inLanguage":"hr"},{"@type":"Person","@id":"https:\/\/answear.hr\/blog\/#\/schema\/person\/c3e5a4548505af3458f00d445fd56af5","name":"Answear","image":{"@type":"ImageObject","inLanguage":"hr","@id":"https:\/\/answear.hr\/blog\/#\/schema\/person\/image\/","url":"https:\/\/secure.gravatar.com\/avatar\/306a3c14f59e14766168b116b825f6ee?s=96&d=mm&r=g","contentUrl":"https:\/\/secure.gravatar.com\/avatar\/306a3c14f59e14766168b116b825f6ee?s=96&d=mm&r=g","caption":"Answear"},"url":"https:\/\/answear.hr\/blog\/author\/martina\/"}]}},"_links":{"self":[{"href":"https:\/\/answear.hr\/blog\/wp-json\/wp\/v2\/posts\/49267"}],"collection":[{"href":"https:\/\/answear.hr\/blog\/wp-json\/wp\/v2\/posts"}],"about":[{"href":"https:\/\/answear.hr\/blog\/wp-json\/wp\/v2\/types\/post"}],"author":[{"embeddable":true,"href":"https:\/\/answear.hr\/blog\/wp-json\/wp\/v2\/users\/54"}],"replies":[{"embeddable":true,"href":"https:\/\/answear.hr\/blog\/wp-json\/wp\/v2\/comments?post=49267"}],"version-history":[{"count":15,"href":"https:\/\/answear.hr\/blog\/wp-json\/wp\/v2\/posts\/49267\/revisions"}],"predecessor-version":[{"id":49287,"href":"https:\/\/answear.hr\/blog\/wp-json\/wp\/v2\/posts\/49267\/revisions\/49287"}],"wp:featuredmedia":[{"embeddable":true,"href":"https:\/\/answear.hr\/blog\/wp-json\/wp\/v2\/media\/49271"}],"wp:attachment":[{"href":"https:\/\/answear.hr\/blog\/wp-json\/wp\/v2\/media?parent=49267"}],"wp:term":[{"taxonomy":"category","embeddable":true,"href":"https:\/\/answear.hr\/blog\/wp-json\/wp\/v2\/categories?post=49267"},{"taxonomy":"post_tag","embeddable":true,"href":"https:\/\/answear.hr\/blog\/wp-json\/wp\/v2\/tags?post=49267"}],"curies":[{"name":"wp","href":"https:\/\/api.w.org\/{rel}","templated":true}]}}