{"id":49288,"date":"2024-03-01T11:22:15","date_gmt":"2024-03-01T10:22:15","guid":{"rendered":"https:\/\/answear.hr\/blog\/?p=49288"},"modified":"2024-03-01T11:34:52","modified_gmt":"2024-03-01T10:34:52","slug":"ladies-first-podrska-zenama","status":"publish","type":"post","link":"https:\/\/answear.hr\/blog\/ladies-first-podrska-zenama\/49288\/","title":{"rendered":"Ladies First: podr\u0161ka \u017eenama"},"content":{"rendered":"<span class=\"rt-reading-time\" style=\"display: block;\"><span class=\"rt-label rt-prefix\">Vrijeme \u010ditanja<\/span> <span class=\"rt-time\">2<\/span> <span class=\"rt-label rt-postfix\">min<\/span><\/span><p><strong>Razlika u pla\u0107ama s kojom se suo\u010davaju \u017eene diljem Europe i dalje nagla\u0161ava nejednakost spolova. Povodom nadolaze\u0107eg Dana \u017eena, jo\u0161 jednom, simboli\u010dnom akcijom Ladies First, \u017eelimo skrenuti pozornost na rodni jaz u pla\u0107ama i podr\u017eati glas \u017eena o va\u017enom pitanju.<\/strong><!--more--><\/p>\n<p class=\"bigletter\">Ravnopravnost spolova podrazumijeva uzimanje u obzir potreba i prioriteta i \u017eena i mu\u0161karaca. Iako se mo\u017ee \u010diniti da imamo jednaka prava i mogu\u0107nosti, u praksi su nejednakosti o\u010dite u mnogim aspektima \u017eivota uklju\u010duju\u0107i i profesionalni \u017eivot. \u017dene su obrazovane, kvalificirane i rade jednako vrijedno kao i mu\u0161karci, ali razlika u pla\u0107ama izme\u0111u spolova jo\u0161 uvijek negativno utje\u010de na njihov \u017eivotni standard.<\/p>\n<h2 style=\"text-align: center;\">\u0160to je razlika u pla\u0107ama?<\/h2>\n<p>Razlika u pla\u0107ama je nejednaka pla\u0107a izme\u0111u ljudi na istim poslovima, koji obavljaju identi\u010dne du\u017enosti i imaju sli\u010dne kvalifikacije, ali pripadaju drugim specifi\u010dnim skupinama. Naj\u010de\u0161\u0107e se razlika u pla\u0107ama analizira u rodnom kontekstu, uspore\u0111uju\u0107i pla\u0107e mu\u0161karaca i \u017eena za isti posao.<\/p>\n<p>Uzroci nejednakosti u pla\u0107ama su brojni. Oni proizlaze iz kulturolo\u0161kih specifi\u010dnosti i specifi\u010dnosti tr\u017ei\u0161ta rada. Glavni su nedostatak transparentnosti u pla\u0107ama, ote\u017ean pristup rukovode\u0107im pozicijama, stereotipi nagomilani oko profesionalnih aktivnosti \u017eena ili preoptere\u0107enost nepla\u0107enim radom u vezi s brigom o djeci ili obiteljskim \u017eivotom.<\/p>\n<p>Iako zakonodavstvo, kako na nacionalnoj tako i na europskoj razini, regulira primanja i zabranjuje razlike u pla\u0107ama po spolu, praksa pokazuje sasvim suprotno. Prema podatcima Eurostata iz 2022., jaz u pla\u0107ama u Europskoj uniji je 13 %. Procjenjuje se da bi se, uz trenuta\u010dnu stopu, jaz u pla\u0107ama izme\u0111u spolova mogao ukloniti za pribli\u017eno 130 godina.<\/p>\n<p><img loading=\"lazy\" decoding=\"async\" class=\"alignnone size-medium wp-image-49291\" src=\"https:\/\/answear.hr\/blog\/wp-content\/uploads\/2024\/03\/Ladies-First_inside_3-1259x695.png\" alt=\"\" width=\"1259\" height=\"695\" srcset=\"https:\/\/answear.hr\/blog\/wp-content\/uploads\/2024\/03\/Ladies-First_inside_3-1259x695.png 1259w, https:\/\/answear.hr\/blog\/wp-content\/uploads\/2024\/03\/Ladies-First_inside_3-768x424.png 768w, https:\/\/answear.hr\/blog\/wp-content\/uploads\/2024\/03\/Ladies-First_inside_3-1536x848.png 1536w, https:\/\/answear.hr\/blog\/wp-content\/uploads\/2024\/03\/Ladies-First_inside_3-2048x1131.png 2048w\" sizes=\"(max-width: 1259px) 100vw, 1259px\" \/><\/p>\n<h2 style=\"text-align: center;\">Zajedno mo\u017eemo vi\u0161e<\/h2>\n<p>Ne \u017eelimo \u010dekati 130 godina da se izjedna\u010de primanja mu\u0161karaca i \u017eena. Zajedno mo\u017eemo minimizirati razliku u pla\u0107ama govore\u0107i o tome koliko je problem stvaran i diskriminiraju\u0107i. Borba protiv razlike u pla\u0107ama izme\u0111u spolova zahtijeva vi\u0161edimenzionalna rje\u0161enja, ali obrazovanje bi trebalo biti u sredi\u0161tu tih rje\u0161enja. Zato ponovno pokre\u0107emo simboli\u010dnu Ladies First akciju kojom podr\u017eavamo glas \u017eena, o ovoj vrlo va\u017enoj temi.<\/p>\n<p><a href=\"https:\/\/answear.hr\/s\/dan-zena\">U razdoblju od 1. do 11. o\u017eujka na Answear.hr<\/a> odabrane \u017eenske i dje\u010dje proizvode mo\u0107i \u0107ete kupiti na popustu od 23 %, dok \u0107e na mu\u0161ki asortiman popust biti 10 %. Razlika u visini napredovanja, odnosno 13 %, postaje simbol i referenca na stvarni jaz u pla\u0107ama u Europskoj uniji.<\/p>\n<p class=\"kropka\">Na\u0161a akcija empati\u010dni je izraz potpore i simboli\u010dan poku\u0161aj minimiziranja nejednakosti s kojima se \u017eene susre\u0107u u svom radnom vijeku, a ujedno i povod za \u0161ire djelovanje i raspravu u javnom prostoru.<\/p>\n<figure id=\"attachment_49292\" aria-describedby=\"caption-attachment-49292\" style=\"width: 1259px\" class=\"wp-caption alignnone\"><img loading=\"lazy\" decoding=\"async\" class=\"wp-image-49292 size-medium\" src=\"https:\/\/answear.hr\/blog\/wp-content\/uploads\/2024\/03\/Ladies-First_inside_2-1259x695.png\" alt=\"\" width=\"1259\" height=\"695\" srcset=\"https:\/\/answear.hr\/blog\/wp-content\/uploads\/2024\/03\/Ladies-First_inside_2-1259x695.png 1259w, https:\/\/answear.hr\/blog\/wp-content\/uploads\/2024\/03\/Ladies-First_inside_2-768x424.png 768w, https:\/\/answear.hr\/blog\/wp-content\/uploads\/2024\/03\/Ladies-First_inside_2-1536x848.png 1536w, https:\/\/answear.hr\/blog\/wp-content\/uploads\/2024\/03\/Ladies-First_inside_2-2048x1131.png 2048w\" sizes=\"(max-width: 1259px) 100vw, 1259px\" \/><figcaption id=\"caption-attachment-49292\" class=\"wp-caption-text\"><a href=\"https:\/\/answear.hr\/s\/dan-zena\">Provjerite detalje promocije <\/a><\/figcaption><\/figure>\n","protected":false},"excerpt":{"rendered":"<p><span class=\"rt-reading-time\" style=\"display: block;\"><span class=\"rt-label rt-prefix\">Vrijeme \u010ditanja<\/span> <span class=\"rt-time\">2<\/span> <span class=\"rt-label rt-postfix\">min<\/span><\/span> Razlika u pla\u0107ama s kojom se suo\u010davaju \u017eene diljem Europe i dalje nagla\u0161ava nejednakost spolova. Povodom nadolaze\u0107eg Dana \u017eena, jo\u0161 jednom, simboli\u010dnom akcijom Ladies First, \u017eelimo skrenuti pozornost na rodni jaz u pla\u0107ama i podr\u017eati glas \u017eena o va\u017enom pitanju.<\/p>\n","protected":false},"author":54,"featured_media":49290,"comment_status":"closed","ping_status":"closed","sticky":false,"template":"","format":"standard","meta":{"footnotes":""},"categories":[223],"tags":[],"class_list":["post-49288","post","type-post","status-publish","format-standard","has-post-thumbnail","hentry","category-living-room"],"yoast_head":"<!-- This site is optimized with the Yoast SEO plugin v22.0 - https:\/\/yoast.com\/wordpress\/plugins\/seo\/ -->\n<title>Ladies First: podr\u0161ka \u017eenama - Answear modni blog<\/title>\n<meta name=\"description\" content=\"Razlika u pla\u0107ama s kojom se suo\u010davaju \u017eene diljem Europe i dalje nagla\u0161ava nejednakost spolova. Povodom nadolaze\u0107eg Dana \u017eena, jo\u0161 jednom, simboli\u010dnom\" \/>\n<meta name=\"robots\" content=\"index, follow, max-snippet:-1, max-image-preview:large, max-video-preview:-1\" \/>\n<link rel=\"canonical\" href=\"https:\/\/answear.hr\/blog\/ladies-first-podrska-zenama\/49288\/\" \/>\n<meta property=\"og:locale\" content=\"hr_HR\" \/>\n<meta property=\"og:type\" content=\"article\" \/>\n<meta property=\"og:title\" content=\"Ladies First: podr\u0161ka \u017eenama - Answear modni blog\" \/>\n<meta property=\"og:description\" content=\"Razlika u pla\u0107ama s kojom se suo\u010davaju \u017eene diljem Europe i dalje nagla\u0161ava nejednakost spolova. Povodom nadolaze\u0107eg Dana \u017eena, jo\u0161 jednom, simboli\u010dnom\" \/>\n<meta property=\"og:url\" content=\"https:\/\/answear.hr\/blog\/ladies-first-podrska-zenama\/49288\/\" \/>\n<meta property=\"og:site_name\" content=\"Answear modni blog\" \/>\n<meta property=\"article:published_time\" content=\"2024-03-01T10:22:15+00:00\" \/>\n<meta property=\"article:modified_time\" content=\"2024-03-01T10:34:52+00:00\" \/>\n<meta property=\"og:image\" content=\"https:\/\/answear.hr\/blog\/wp-content\/uploads\/2024\/03\/Ladies_First_main-photo.jpg\" \/>\n\t<meta property=\"og:image:width\" content=\"1680\" \/>\n\t<meta property=\"og:image:height\" content=\"680\" \/>\n\t<meta property=\"og:image:type\" content=\"image\/jpeg\" \/>\n<meta name=\"author\" content=\"Answear\" \/>\n<meta name=\"twitter:card\" content=\"summary_large_image\" \/>\n<meta name=\"twitter:label1\" content=\"Napisao\/la\" \/>\n\t<meta name=\"twitter:data1\" content=\"Answear\" \/>\n\t<meta name=\"twitter:label2\" content=\"Procijenjeno vrijeme \u010ditanja\" \/>\n\t<meta name=\"twitter:data2\" content=\"3 minute\" \/>\n<script type=\"application\/ld+json\" class=\"yoast-schema-graph\">{\"@context\":\"https:\/\/schema.org\",\"@graph\":[{\"@type\":\"WebPage\",\"@id\":\"https:\/\/answear.hr\/blog\/ladies-first-podrska-zenama\/49288\/\",\"url\":\"https:\/\/answear.hr\/blog\/ladies-first-podrska-zenama\/49288\/\",\"name\":\"Ladies First: podr\u0161ka \u017eenama - Answear modni blog\",\"isPartOf\":{\"@id\":\"https:\/\/answear.hr\/blog\/#website\"},\"datePublished\":\"2024-03-01T10:22:15+00:00\",\"dateModified\":\"2024-03-01T10:34:52+00:00\",\"author\":{\"@id\":\"https:\/\/answear.hr\/blog\/#\/schema\/person\/c3e5a4548505af3458f00d445fd56af5\"},\"description\":\"Razlika u pla\u0107ama s kojom se suo\u010davaju \u017eene diljem Europe i dalje nagla\u0161ava nejednakost spolova. Povodom nadolaze\u0107eg Dana \u017eena, jo\u0161 jednom, simboli\u010dnom\",\"breadcrumb\":{\"@id\":\"https:\/\/answear.hr\/blog\/ladies-first-podrska-zenama\/49288\/#breadcrumb\"},\"inLanguage\":\"hr\",\"potentialAction\":[{\"@type\":\"ReadAction\",\"target\":[\"https:\/\/answear.hr\/blog\/ladies-first-podrska-zenama\/49288\/\"]}]},{\"@type\":\"BreadcrumbList\",\"@id\":\"https:\/\/answear.hr\/blog\/ladies-first-podrska-zenama\/49288\/#breadcrumb\",\"itemListElement\":[{\"@type\":\"ListItem\",\"position\":1,\"name\":\"Blog\",\"item\":\"https:\/\/answear.hr\/blog\/\"},{\"@type\":\"ListItem\",\"position\":2,\"name\":\"Living Room\",\"item\":\"https:\/\/answear.hr\/blog\/tematy\/living-room\/\"},{\"@type\":\"ListItem\",\"position\":3,\"name\":\"Ladies First: podr\u0161ka \u017eenama\"}]},{\"@type\":\"WebSite\",\"@id\":\"https:\/\/answear.hr\/blog\/#website\",\"url\":\"https:\/\/answear.hr\/blog\/\",\"name\":\"Answear modni blog\",\"description\":\"Answear modni blog\",\"potentialAction\":[{\"@type\":\"SearchAction\",\"target\":{\"@type\":\"EntryPoint\",\"urlTemplate\":\"https:\/\/answear.hr\/blog\/?s={search_term_string}\"},\"query-input\":\"required name=search_term_string\"}],\"inLanguage\":\"hr\"},{\"@type\":\"Person\",\"@id\":\"https:\/\/answear.hr\/blog\/#\/schema\/person\/c3e5a4548505af3458f00d445fd56af5\",\"name\":\"Answear\",\"image\":{\"@type\":\"ImageObject\",\"inLanguage\":\"hr\",\"@id\":\"https:\/\/answear.hr\/blog\/#\/schema\/person\/image\/\",\"url\":\"https:\/\/secure.gravatar.com\/avatar\/306a3c14f59e14766168b116b825f6ee?s=96&d=mm&r=g\",\"contentUrl\":\"https:\/\/secure.gravatar.com\/avatar\/306a3c14f59e14766168b116b825f6ee?s=96&d=mm&r=g\",\"caption\":\"Answear\"},\"url\":\"https:\/\/answear.hr\/blog\/author\/martina\/\"}]}<\/script>\n<!-- \/ Yoast SEO plugin. -->","yoast_head_json":{"title":"Ladies First: podr\u0161ka \u017eenama - Answear modni blog","description":"Razlika u pla\u0107ama s kojom se suo\u010davaju \u017eene diljem Europe i dalje nagla\u0161ava nejednakost spolova. Povodom nadolaze\u0107eg Dana \u017eena, jo\u0161 jednom, simboli\u010dnom","robots":{"index":"index","follow":"follow","max-snippet":"max-snippet:-1","max-image-preview":"max-image-preview:large","max-video-preview":"max-video-preview:-1"},"canonical":"https:\/\/answear.hr\/blog\/ladies-first-podrska-zenama\/49288\/","og_locale":"hr_HR","og_type":"article","og_title":"Ladies First: podr\u0161ka \u017eenama - Answear modni blog","og_description":"Razlika u pla\u0107ama s kojom se suo\u010davaju \u017eene diljem Europe i dalje nagla\u0161ava nejednakost spolova. Povodom nadolaze\u0107eg Dana \u017eena, jo\u0161 jednom, simboli\u010dnom","og_url":"https:\/\/answear.hr\/blog\/ladies-first-podrska-zenama\/49288\/","og_site_name":"Answear modni blog","article_published_time":"2024-03-01T10:22:15+00:00","article_modified_time":"2024-03-01T10:34:52+00:00","og_image":[{"width":1680,"height":680,"url":"https:\/\/answear.hr\/blog\/wp-content\/uploads\/2024\/03\/Ladies_First_main-photo.jpg","type":"image\/jpeg"}],"author":"Answear","twitter_card":"summary_large_image","twitter_misc":{"Napisao\/la":"Answear","Procijenjeno vrijeme \u010ditanja":"3 minute"},"schema":{"@context":"https:\/\/schema.org","@graph":[{"@type":"WebPage","@id":"https:\/\/answear.hr\/blog\/ladies-first-podrska-zenama\/49288\/","url":"https:\/\/answear.hr\/blog\/ladies-first-podrska-zenama\/49288\/","name":"Ladies First: podr\u0161ka \u017eenama - Answear modni blog","isPartOf":{"@id":"https:\/\/answear.hr\/blog\/#website"},"datePublished":"2024-03-01T10:22:15+00:00","dateModified":"2024-03-01T10:34:52+00:00","author":{"@id":"https:\/\/answear.hr\/blog\/#\/schema\/person\/c3e5a4548505af3458f00d445fd56af5"},"description":"Razlika u pla\u0107ama s kojom se suo\u010davaju \u017eene diljem Europe i dalje nagla\u0161ava nejednakost spolova. Povodom nadolaze\u0107eg Dana \u017eena, jo\u0161 jednom, simboli\u010dnom","breadcrumb":{"@id":"https:\/\/answear.hr\/blog\/ladies-first-podrska-zenama\/49288\/#breadcrumb"},"inLanguage":"hr","potentialAction":[{"@type":"ReadAction","target":["https:\/\/answear.hr\/blog\/ladies-first-podrska-zenama\/49288\/"]}]},{"@type":"BreadcrumbList","@id":"https:\/\/answear.hr\/blog\/ladies-first-podrska-zenama\/49288\/#breadcrumb","itemListElement":[{"@type":"ListItem","position":1,"name":"Blog","item":"https:\/\/answear.hr\/blog\/"},{"@type":"ListItem","position":2,"name":"Living Room","item":"https:\/\/answear.hr\/blog\/tematy\/living-room\/"},{"@type":"ListItem","position":3,"name":"Ladies First: podr\u0161ka \u017eenama"}]},{"@type":"WebSite","@id":"https:\/\/answear.hr\/blog\/#website","url":"https:\/\/answear.hr\/blog\/","name":"Answear modni blog","description":"Answear modni blog","potentialAction":[{"@type":"SearchAction","target":{"@type":"EntryPoint","urlTemplate":"https:\/\/answear.hr\/blog\/?s={search_term_string}"},"query-input":"required name=search_term_string"}],"inLanguage":"hr"},{"@type":"Person","@id":"https:\/\/answear.hr\/blog\/#\/schema\/person\/c3e5a4548505af3458f00d445fd56af5","name":"Answear","image":{"@type":"ImageObject","inLanguage":"hr","@id":"https:\/\/answear.hr\/blog\/#\/schema\/person\/image\/","url":"https:\/\/secure.gravatar.com\/avatar\/306a3c14f59e14766168b116b825f6ee?s=96&d=mm&r=g","contentUrl":"https:\/\/secure.gravatar.com\/avatar\/306a3c14f59e14766168b116b825f6ee?s=96&d=mm&r=g","caption":"Answear"},"url":"https:\/\/answear.hr\/blog\/author\/martina\/"}]}},"_links":{"self":[{"href":"https:\/\/answear.hr\/blog\/wp-json\/wp\/v2\/posts\/49288"}],"collection":[{"href":"https:\/\/answear.hr\/blog\/wp-json\/wp\/v2\/posts"}],"about":[{"href":"https:\/\/answear.hr\/blog\/wp-json\/wp\/v2\/types\/post"}],"author":[{"embeddable":true,"href":"https:\/\/answear.hr\/blog\/wp-json\/wp\/v2\/users\/54"}],"replies":[{"embeddable":true,"href":"https:\/\/answear.hr\/blog\/wp-json\/wp\/v2\/comments?post=49288"}],"version-history":[{"count":9,"href":"https:\/\/answear.hr\/blog\/wp-json\/wp\/v2\/posts\/49288\/revisions"}],"predecessor-version":[{"id":49300,"href":"https:\/\/answear.hr\/blog\/wp-json\/wp\/v2\/posts\/49288\/revisions\/49300"}],"wp:featuredmedia":[{"embeddable":true,"href":"https:\/\/answear.hr\/blog\/wp-json\/wp\/v2\/media\/49290"}],"wp:attachment":[{"href":"https:\/\/answear.hr\/blog\/wp-json\/wp\/v2\/media?parent=49288"}],"wp:term":[{"taxonomy":"category","embeddable":true,"href":"https:\/\/answear.hr\/blog\/wp-json\/wp\/v2\/categories?post=49288"},{"taxonomy":"post_tag","embeddable":true,"href":"https:\/\/answear.hr\/blog\/wp-json\/wp\/v2\/tags?post=49288"}],"curies":[{"name":"wp","href":"https:\/\/api.w.org\/{rel}","templated":true}]}}