{"id":49469,"date":"2024-04-17T21:03:49","date_gmt":"2024-04-17T19:03:49","guid":{"rendered":"https:\/\/answear.hr\/blog\/?p=49469"},"modified":"2024-04-18T00:10:13","modified_gmt":"2024-04-17T22:10:13","slug":"rock-stil-u-sredistu-pozornosti-inspirativan-styling-uz-ramones-jaknu","status":"publish","type":"post","link":"https:\/\/answear.hr\/blog\/rock-stil-u-sredistu-pozornosti-inspirativan-styling-uz-ramones-jaknu\/49469\/","title":{"rendered":"Rock stil u sredi\u0161tu pozornosti. Inspirativan styling uz ramones jaknu"},"content":{"rendered":"<span class=\"rt-reading-time\" style=\"display: block;\"><span class=\"rt-label rt-prefix\">Vrijeme \u010ditanja<\/span> <span class=\"rt-time\">4<\/span> <span class=\"rt-label rt-postfix\">min<\/span><\/span><p><strong><br \/>\nRock stil ponovno je u naklonosti ljubiteljica mode. Nije ni \u010dudo &#8211; to je savr\u0161en na\u010din da izrazite svoju buntovni\u010dku osobnost s legendarnom jaknom i nekoliko neobi\u010dnih dodataka. Kreirajte originalne stilove uz ramones jaknu.<\/strong><\/p>\n<p><!--more--><\/p>\n<p>U ovom \u0107ete \u010dlanku nau\u010diti:<br \/>\n1. za\u0161to je ramones jakna klju\u010dni element rock outfita?<br \/>\n2. kako nositi ramones jaknu?<br \/>\n3. koji dodatci pristaju uz ramones jaknu?<br \/>\n4. je li crna biker jakna jedina opcija?<\/p>\n<h2 style=\"text-align: center;\">Ramones jakna &#8211; klasi\u010dan element u rockerskom outfitu<\/h2>\n<p class=\"bigletter\">Ramones jakna pojavila se na modnom tr\u017ei\u0161tu 50-ih godina pro\u0161log stolje\u0107a i brzo su je prihvatili bajkeri. Kao takva, smatrana je odjevnim predmetom koji simbolizira pobunu i slobodu. S vremenom je njezin oblik evoluirao dok u jednom trenutku nije postala jedna od najdra\u017eih gornjih odje\u0107a rock glazbenika. Elegantna ko\u017ea u dubokoj crnoj boji savr\u0161eno je odra\u017eavala karakter pjesama pro\u0161log doba.<\/p>\n<p>Danas se ramones jakna vratila na modnu scenu u malo osvje\u017eenom obliku. Me\u0111u trenuta\u010dno dostupnim modelima prona\u0107i \u0107ete klasi\u010dne i one neupadljive u pastelnim bojama. Tra\u017eite li rje\u0161enja koja \u0107e vam pomo\u0107i da se izrazite kroz odje\u0107u, ovakva unikatna ko\u017enata jakna mo\u017ee biti zanimljiv dodatak.<\/p>\n<p>Kako biste u svoju odje\u0107u preslikali rokerski stil, odlu\u010dite se za crnu ramonesicu s nitnama. Ako se \u017eelite istaknuti u masi, odlu\u010dite se za jedan look sa sna\u017enom grafikom na stra\u017enjoj ili bo\u010dnoj strani. Kombinirajte ju s parom klasi\u010dnih \u017eenskih traperica. I ne zaboravite nositi elegantne \u010dizme s dodatkom. Ko\u017enate \u010dizme ili \u010dizme s originalnim stilom dobra su ideja.<\/p>\n<h2 style=\"text-align: center;\">Styling uz ramones jaknu za razli\u010dite prilike<\/h2>\n<p>Ramones jakna mo\u017ee biti dio specifi\u010dnog outfita s rock potpisom, ali ne mora uvijek biti tako. Jakna mo\u017ee biti izuzetno svestrana. Nosite ju, na primjer, preko haljine za kr\u0161tenje ili pri\u010dest. Tako\u0111er, izvrsna je kao dodatak outfitu za romanti\u010dnu \u0161etnju parkom tijekom prohladnog vikenda.<\/p>\n<p>Ljeti se ramones jakna koristi jednako \u010desto. Rado ju nosimo kao dodatak ve\u010dernjem outfitu iako je tijekom dana iznimno vru\u0107e. No, nave\u010der, pri povratku ku\u0107i, lagana jakna neizostavan je dodatak outfitu.<\/p>\n<p><img loading=\"lazy\" decoding=\"async\" class=\"alignnone size-medium wp-image-49470\" src=\"https:\/\/answear.hr\/blog\/wp-content\/uploads\/2024\/04\/inside_photo-4-1259x695.png\" alt=\"\" width=\"1259\" height=\"695\" srcset=\"https:\/\/answear.hr\/blog\/wp-content\/uploads\/2024\/04\/inside_photo-4-1259x695.png 1259w, https:\/\/answear.hr\/blog\/wp-content\/uploads\/2024\/04\/inside_photo-4-768x424.png 768w, https:\/\/answear.hr\/blog\/wp-content\/uploads\/2024\/04\/inside_photo-4-1536x848.png 1536w, https:\/\/answear.hr\/blog\/wp-content\/uploads\/2024\/04\/inside_photo-4-2048x1131.png 2048w\" sizes=\"(max-width: 1259px) 100vw, 1259px\" \/><\/p>\n<p>Planirate li no\u0107ni izlazak u grad s prijateljima, odlu\u010dite se za odje\u0107u s malo istaknutim stilom, pri \u010demu jakna nije jedina prepoznatljiva karakteristika. Na primjer, slo\u017eite svoj outfit na sljede\u0107i na\u010din- suknja brenda Medicine, kratki pamu\u010dni top s originalnim printom. Dodajte raznovrstan nakit, od nau\u0161nica do ogrlica i mnogo prstenja.<\/p>\n<h2 style=\"text-align: center;\">Crna bajkerska jakna &#8211; klasik koji uvijek funkcionira<\/h2>\n<p>Black ramones je klasik u svojoj kategoriji. Dugo su na tr\u017ei\u0161tu bile dostupne samo varijante ove vanjske odje\u0107e u jednoj specifi\u010dnoj boji. To ne \u010dudi, jer crna ima ne\u0161to posebno u sebi. Prvo i najva\u017enije, \u010dini nas tanjima, ali i dodaje eleganciju outfitu. Tako\u0111er, omogu\u0107uje vam da se u odre\u0111enoj mjeri stopite s masom. Rock glazbenici su, me\u0111utim, mo\u017eda imali ne\u0161to drugo na umu: odje\u0107om su \u017eeljeli izraziti svoju buntovni\u010dku prirodu.<\/p>\n<p>Crne ramones jaknu mo\u017eete doslovce nositi uz bilo \u0161to. To mo\u017ee biti traper suknja ili hla\u010de. Pinko haljine poprimit \u0107e poseban karakter u kombinaciji s ko\u017enatom jaknom. Samo pazite da kreaciju uskladite s pravim dodatcima, poput ko\u017enatih \u0161tikli. Torbica u obliku postbaga ili obi\u010dne \u017eenske torbe tako\u0111er \u0107e biti stilski dodatak. I ne zaboravite na nakit koji odgovara naglascima na ramonese. Ako dominiraju srebrni patentni zatvara\u010di i nitne, odaberite nau\u0161nice i privjesak sa srebrnim sjajem.<\/p>\n<h2 style=\"text-align: center;\">Be\u017e ramones jakna &#8211; suptilnost i elegancija u jednom izgledu<\/h2>\n<p>Ramones jakna ne mora biti potpuno crna. Naravno, vrijedi imati ovaj klasik u svom ormaru, ali s vremenom poku\u0161ajte svojoj kolekciji dodati alternativne boje. Be\u017e ko\u017enate jakne zanimljiv su primjer. Lako \u0107ete prona\u0107i model u nijansi bijele kave koji \u0107ete suptilno uklopiti u svoj styling. Imajte na umu da odgovara mnogim trenuta\u010dnim trendovima, omogu\u0107uju\u0107i vam da ju koristite u razli\u010ditim situacijama.<\/p>\n<blockquote class=\"instagram-media\" style=\"background: #FFF; border: 0; border-radius: 3px; box-shadow: 0 0 1px 0 rgba(0,0,0,0.5),0 1px 10px 0 rgba(0,0,0,0.15); margin: 1px; max-width: 540px; min-width: 326px; padding: 0; width: calc(100% - 2px);\" data-instgrm-captioned=\"\" data-instgrm-permalink=\"https:\/\/www.instagram.com\/p\/ClsxqTyMwfL\/?utm_source=ig_embed&amp;utm_campaign=loading\" data-instgrm-version=\"14\">\n<div style=\"padding: 16px;\">\n<div style=\"display: flex; flex-direction: row; align-items: center;\">\n<div style=\"background-color: #f4f4f4; border-radius: 50%; flex-grow: 0; height: 40px; margin-right: 14px; width: 40px;\"><\/div>\n<div style=\"display: flex; flex-direction: column; flex-grow: 1; justify-content: center;\">\n<div style=\"background-color: #f4f4f4; border-radius: 4px; flex-grow: 0; height: 14px; margin-bottom: 6px; width: 100px;\"><\/div>\n<div style=\"background-color: #f4f4f4; border-radius: 4px; flex-grow: 0; height: 14px; width: 60px;\"><\/div>\n<\/div>\n<\/div>\n<div style=\"padding: 19% 0;\"><\/div>\n<div style=\"display: block; height: 50px; margin: 0 auto 12px; width: 50px;\"><\/div>\n<div style=\"padding-top: 8px;\">\n<div style=\"color: #3897f0; font-family: Arial,sans-serif; font-size: 14px; font-style: normal; font-weight: 550; line-height: 18px;\">View this post on Instagram<\/div>\n<\/div>\n<div style=\"padding: 12.5% 0;\"><\/div>\n<div style=\"display: flex; flex-direction: row; margin-bottom: 14px; align-items: center;\">\n<div>\n<div style=\"background-color: #f4f4f4; border-radius: 50%; height: 12.5px; width: 12.5px; transform: translateX(0px) translateY(7px);\"><\/div>\n<div style=\"background-color: #f4f4f4; height: 12.5px; transform: rotate(-45deg) translateX(3px) translateY(1px); width: 12.5px; flex-grow: 0; margin-right: 14px; margin-left: 2px;\"><\/div>\n<div style=\"background-color: #f4f4f4; border-radius: 50%; height: 12.5px; width: 12.5px; transform: translateX(9px) translateY(-18px);\"><\/div>\n<\/div>\n<div style=\"margin-left: 8px;\">\n<div style=\"background-color: #f4f4f4; border-radius: 50%; flex-grow: 0; height: 20px; width: 20px;\"><\/div>\n<div style=\"width: 0; height: 0; border-top: 2px solid transparent; border-left: 6px solid #f4f4f4; border-bottom: 2px solid transparent; transform: translateX(16px) translateY(-4px) rotate(30deg);\"><\/div>\n<\/div>\n<div style=\"margin-left: auto;\">\n<div style=\"width: 0px; border-top: 8px solid #F4F4F4; border-right: 8px solid transparent; transform: translateY(16px);\"><\/div>\n<div style=\"background-color: #f4f4f4; flex-grow: 0; height: 12px; width: 16px; transform: translateY(-4px);\"><\/div>\n<div style=\"width: 0; height: 0; border-top: 8px solid #F4F4F4; border-left: 8px solid transparent; transform: translateY(-4px) translateX(8px);\"><\/div>\n<\/div>\n<\/div>\n<div style=\"display: flex; flex-direction: column; flex-grow: 1; justify-content: center; margin-bottom: 24px;\">\n<div style=\"background-color: #f4f4f4; border-radius: 4px; flex-grow: 0; height: 14px; margin-bottom: 6px; width: 224px;\"><\/div>\n<div style=\"background-color: #f4f4f4; border-radius: 4px; flex-grow: 0; height: 14px; width: 144px;\"><\/div>\n<\/div>\n<p style=\"color: #c9c8cd; font-family: Arial,sans-serif; font-size: 14px; line-height: 17px; margin-bottom: 0; margin-top: 8px; overflow: hidden; padding: 8px 0 7px; text-align: center; text-overflow: ellipsis; white-space: nowrap;\"><a style=\"color: #c9c8cd; font-family: Arial,sans-serif; font-size: 14px; font-style: normal; font-weight: normal; line-height: 17px; text-decoration: none;\" href=\"https:\/\/www.instagram.com\/p\/ClsxqTyMwfL\/?utm_source=ig_embed&amp;utm_campaign=loading\" target=\"_blank\" rel=\"noopener\">A post shared by @answear_hr<\/a><\/p>\n<\/div>\n<\/blockquote>\n<p><script async src=\"\/\/www.instagram.com\/embed.js\"><\/script><\/p>\n<p>Be\u017e boja je dio palete pastelnih boja. Kao takva, lijepo se sla\u017ee s bijelim odjevnim predmetima. Tako\u0111er, vrlo je \u010desto u kombinaciji s plavom, \u0161to se mo\u017ee vidjeti na dru\u0161tvenim mre\u017eama i na ulici, gdje je lako uo\u010diti ljubitelje mode koji nose ovu kombinaciju boja. Odaberite klasi\u010dne traperice, bijelu majicu kratkih rukava i be\u017e ramones jaknu i va\u0161 outfit za sastanak s prijateljima je spreman.<\/p>\n<h2 style=\"text-align: center;\">Sme\u0111a ramones jakna &#8211; alternativni izbor za odva\u017ene<\/h2>\n<p class=\"kropka\">\u010cini se da je sme\u0111a boja bliska be\u017e. Pa za\u0161to toliko ljudi izbjegava ramones u ovoj nijansi? Tamno sme\u0111u je mo\u017eda ne\u0161to te\u017ee uklopiti u outfit ako govorimo o dominantnim elementima. Ako \u017eelite ko\u017enatu jaknu tamne boje, svojoj odje\u0107i dodajte jo\u0161 ne\u0161to tamnijih komada. Idealne su crne traperice ili \u0161e\u0161ir. Igrajte se s modom i tra\u017eite rje\u0161enja koja odgovaraju va\u0161oj estetici i stilu.<\/p>\n","protected":false},"excerpt":{"rendered":"<p><span class=\"rt-reading-time\" style=\"display: block;\"><span class=\"rt-label rt-prefix\">Vrijeme \u010ditanja<\/span> <span class=\"rt-time\">4<\/span> <span class=\"rt-label rt-postfix\">min<\/span><\/span> Rock stil ponovno je u naklonosti ljubiteljica mode. Nije ni \u010dudo &#8211; to je savr\u0161en na\u010din da izrazite svoju buntovni\u010dku osobnost s legendarnom jaknom i nekoliko neobi\u010dnih dodataka. Kreirajte originalne stilove uz ramones jaknu.<\/p>\n","protected":false},"author":54,"featured_media":49471,"comment_status":"closed","ping_status":"closed","sticky":false,"template":"","format":"standard","meta":{"footnotes":""},"categories":[23],"tags":[],"class_list":["post-49469","post","type-post","status-publish","format-standard","has-post-thumbnail","hentry","category-fashion"],"yoast_head":"<!-- This site is optimized with the Yoast SEO plugin v22.0 - https:\/\/yoast.com\/wordpress\/plugins\/seo\/ -->\n<title>Rock stil u sredi\u0161tu pozornosti. Inspirativan styling uz ramones jaknu - Answear modni blog<\/title>\n<meta name=\"description\" content=\"Rock stil ponovno je u naklonosti ljubiteljica mode. Nije ni \u010dudo - to je savr\u0161en na\u010din da izrazite svoju buntovni\u010dku osobnost s legendarnom jaknom i\" \/>\n<meta name=\"robots\" content=\"index, follow, max-snippet:-1, max-image-preview:large, max-video-preview:-1\" \/>\n<link rel=\"canonical\" href=\"https:\/\/answear.hr\/blog\/rock-stil-u-sredistu-pozornosti-inspirativan-styling-uz-ramones-jaknu\/49469\/\" \/>\n<meta property=\"og:locale\" content=\"hr_HR\" \/>\n<meta property=\"og:type\" content=\"article\" \/>\n<meta property=\"og:title\" content=\"Rock stil u sredi\u0161tu pozornosti. Inspirativan styling uz ramones jaknu - Answear modni blog\" \/>\n<meta property=\"og:description\" content=\"Rock stil ponovno je u naklonosti ljubiteljica mode. Nije ni \u010dudo - to je savr\u0161en na\u010din da izrazite svoju buntovni\u010dku osobnost s legendarnom jaknom i\" \/>\n<meta property=\"og:url\" content=\"https:\/\/answear.hr\/blog\/rock-stil-u-sredistu-pozornosti-inspirativan-styling-uz-ramones-jaknu\/49469\/\" \/>\n<meta property=\"og:site_name\" content=\"Answear modni blog\" \/>\n<meta property=\"article:published_time\" content=\"2024-04-17T19:03:49+00:00\" \/>\n<meta property=\"article:modified_time\" content=\"2024-04-17T22:10:13+00:00\" \/>\n<meta property=\"og:image\" content=\"https:\/\/answear.hr\/blog\/wp-content\/uploads\/2024\/04\/main_photo-4.jpg\" \/>\n\t<meta property=\"og:image:width\" content=\"1697\" \/>\n\t<meta property=\"og:image:height\" content=\"680\" \/>\n\t<meta property=\"og:image:type\" content=\"image\/jpeg\" \/>\n<meta name=\"author\" content=\"Answear\" \/>\n<meta name=\"twitter:card\" content=\"summary_large_image\" \/>\n<meta name=\"twitter:label1\" content=\"Napisao\/la\" \/>\n\t<meta name=\"twitter:data1\" content=\"Answear\" \/>\n\t<meta name=\"twitter:label2\" content=\"Procijenjeno vrijeme \u010ditanja\" \/>\n\t<meta name=\"twitter:data2\" content=\"5 minuta\" \/>\n<script type=\"application\/ld+json\" class=\"yoast-schema-graph\">{\"@context\":\"https:\/\/schema.org\",\"@graph\":[{\"@type\":\"WebPage\",\"@id\":\"https:\/\/answear.hr\/blog\/rock-stil-u-sredistu-pozornosti-inspirativan-styling-uz-ramones-jaknu\/49469\/\",\"url\":\"https:\/\/answear.hr\/blog\/rock-stil-u-sredistu-pozornosti-inspirativan-styling-uz-ramones-jaknu\/49469\/\",\"name\":\"Rock stil u sredi\u0161tu pozornosti. Inspirativan styling uz ramones jaknu - Answear modni blog\",\"isPartOf\":{\"@id\":\"https:\/\/answear.hr\/blog\/#website\"},\"datePublished\":\"2024-04-17T19:03:49+00:00\",\"dateModified\":\"2024-04-17T22:10:13+00:00\",\"author\":{\"@id\":\"https:\/\/answear.hr\/blog\/#\/schema\/person\/c3e5a4548505af3458f00d445fd56af5\"},\"description\":\"Rock stil ponovno je u naklonosti ljubiteljica mode. Nije ni \u010dudo - to je savr\u0161en na\u010din da izrazite svoju buntovni\u010dku osobnost s legendarnom jaknom i\",\"breadcrumb\":{\"@id\":\"https:\/\/answear.hr\/blog\/rock-stil-u-sredistu-pozornosti-inspirativan-styling-uz-ramones-jaknu\/49469\/#breadcrumb\"},\"inLanguage\":\"hr\",\"potentialAction\":[{\"@type\":\"ReadAction\",\"target\":[\"https:\/\/answear.hr\/blog\/rock-stil-u-sredistu-pozornosti-inspirativan-styling-uz-ramones-jaknu\/49469\/\"]}]},{\"@type\":\"BreadcrumbList\",\"@id\":\"https:\/\/answear.hr\/blog\/rock-stil-u-sredistu-pozornosti-inspirativan-styling-uz-ramones-jaknu\/49469\/#breadcrumb\",\"itemListElement\":[{\"@type\":\"ListItem\",\"position\":1,\"name\":\"Blog\",\"item\":\"https:\/\/answear.hr\/blog\/\"},{\"@type\":\"ListItem\",\"position\":2,\"name\":\"Fashion\",\"item\":\"https:\/\/answear.hr\/blog\/tematy\/fashion\/\"},{\"@type\":\"ListItem\",\"position\":3,\"name\":\"Rock stil u sredi\u0161tu pozornosti. Inspirativan styling uz ramones jaknu\"}]},{\"@type\":\"WebSite\",\"@id\":\"https:\/\/answear.hr\/blog\/#website\",\"url\":\"https:\/\/answear.hr\/blog\/\",\"name\":\"Answear modni blog\",\"description\":\"Answear modni blog\",\"potentialAction\":[{\"@type\":\"SearchAction\",\"target\":{\"@type\":\"EntryPoint\",\"urlTemplate\":\"https:\/\/answear.hr\/blog\/?s={search_term_string}\"},\"query-input\":\"required name=search_term_string\"}],\"inLanguage\":\"hr\"},{\"@type\":\"Person\",\"@id\":\"https:\/\/answear.hr\/blog\/#\/schema\/person\/c3e5a4548505af3458f00d445fd56af5\",\"name\":\"Answear\",\"image\":{\"@type\":\"ImageObject\",\"inLanguage\":\"hr\",\"@id\":\"https:\/\/answear.hr\/blog\/#\/schema\/person\/image\/\",\"url\":\"https:\/\/secure.gravatar.com\/avatar\/306a3c14f59e14766168b116b825f6ee?s=96&d=mm&r=g\",\"contentUrl\":\"https:\/\/secure.gravatar.com\/avatar\/306a3c14f59e14766168b116b825f6ee?s=96&d=mm&r=g\",\"caption\":\"Answear\"},\"url\":\"https:\/\/answear.hr\/blog\/author\/martina\/\"}]}<\/script>\n<!-- \/ Yoast SEO plugin. -->","yoast_head_json":{"title":"Rock stil u sredi\u0161tu pozornosti. Inspirativan styling uz ramones jaknu - Answear modni blog","description":"Rock stil ponovno je u naklonosti ljubiteljica mode. Nije ni \u010dudo - to je savr\u0161en na\u010din da izrazite svoju buntovni\u010dku osobnost s legendarnom jaknom i","robots":{"index":"index","follow":"follow","max-snippet":"max-snippet:-1","max-image-preview":"max-image-preview:large","max-video-preview":"max-video-preview:-1"},"canonical":"https:\/\/answear.hr\/blog\/rock-stil-u-sredistu-pozornosti-inspirativan-styling-uz-ramones-jaknu\/49469\/","og_locale":"hr_HR","og_type":"article","og_title":"Rock stil u sredi\u0161tu pozornosti. Inspirativan styling uz ramones jaknu - Answear modni blog","og_description":"Rock stil ponovno je u naklonosti ljubiteljica mode. Nije ni \u010dudo - to je savr\u0161en na\u010din da izrazite svoju buntovni\u010dku osobnost s legendarnom jaknom i","og_url":"https:\/\/answear.hr\/blog\/rock-stil-u-sredistu-pozornosti-inspirativan-styling-uz-ramones-jaknu\/49469\/","og_site_name":"Answear modni blog","article_published_time":"2024-04-17T19:03:49+00:00","article_modified_time":"2024-04-17T22:10:13+00:00","og_image":[{"width":1697,"height":680,"url":"https:\/\/answear.hr\/blog\/wp-content\/uploads\/2024\/04\/main_photo-4.jpg","type":"image\/jpeg"}],"author":"Answear","twitter_card":"summary_large_image","twitter_misc":{"Napisao\/la":"Answear","Procijenjeno vrijeme \u010ditanja":"5 minuta"},"schema":{"@context":"https:\/\/schema.org","@graph":[{"@type":"WebPage","@id":"https:\/\/answear.hr\/blog\/rock-stil-u-sredistu-pozornosti-inspirativan-styling-uz-ramones-jaknu\/49469\/","url":"https:\/\/answear.hr\/blog\/rock-stil-u-sredistu-pozornosti-inspirativan-styling-uz-ramones-jaknu\/49469\/","name":"Rock stil u sredi\u0161tu pozornosti. Inspirativan styling uz ramones jaknu - Answear modni blog","isPartOf":{"@id":"https:\/\/answear.hr\/blog\/#website"},"datePublished":"2024-04-17T19:03:49+00:00","dateModified":"2024-04-17T22:10:13+00:00","author":{"@id":"https:\/\/answear.hr\/blog\/#\/schema\/person\/c3e5a4548505af3458f00d445fd56af5"},"description":"Rock stil ponovno je u naklonosti ljubiteljica mode. Nije ni \u010dudo - to je savr\u0161en na\u010din da izrazite svoju buntovni\u010dku osobnost s legendarnom jaknom i","breadcrumb":{"@id":"https:\/\/answear.hr\/blog\/rock-stil-u-sredistu-pozornosti-inspirativan-styling-uz-ramones-jaknu\/49469\/#breadcrumb"},"inLanguage":"hr","potentialAction":[{"@type":"ReadAction","target":["https:\/\/answear.hr\/blog\/rock-stil-u-sredistu-pozornosti-inspirativan-styling-uz-ramones-jaknu\/49469\/"]}]},{"@type":"BreadcrumbList","@id":"https:\/\/answear.hr\/blog\/rock-stil-u-sredistu-pozornosti-inspirativan-styling-uz-ramones-jaknu\/49469\/#breadcrumb","itemListElement":[{"@type":"ListItem","position":1,"name":"Blog","item":"https:\/\/answear.hr\/blog\/"},{"@type":"ListItem","position":2,"name":"Fashion","item":"https:\/\/answear.hr\/blog\/tematy\/fashion\/"},{"@type":"ListItem","position":3,"name":"Rock stil u sredi\u0161tu pozornosti. Inspirativan styling uz ramones jaknu"}]},{"@type":"WebSite","@id":"https:\/\/answear.hr\/blog\/#website","url":"https:\/\/answear.hr\/blog\/","name":"Answear modni blog","description":"Answear modni blog","potentialAction":[{"@type":"SearchAction","target":{"@type":"EntryPoint","urlTemplate":"https:\/\/answear.hr\/blog\/?s={search_term_string}"},"query-input":"required name=search_term_string"}],"inLanguage":"hr"},{"@type":"Person","@id":"https:\/\/answear.hr\/blog\/#\/schema\/person\/c3e5a4548505af3458f00d445fd56af5","name":"Answear","image":{"@type":"ImageObject","inLanguage":"hr","@id":"https:\/\/answear.hr\/blog\/#\/schema\/person\/image\/","url":"https:\/\/secure.gravatar.com\/avatar\/306a3c14f59e14766168b116b825f6ee?s=96&d=mm&r=g","contentUrl":"https:\/\/secure.gravatar.com\/avatar\/306a3c14f59e14766168b116b825f6ee?s=96&d=mm&r=g","caption":"Answear"},"url":"https:\/\/answear.hr\/blog\/author\/martina\/"}]}},"_links":{"self":[{"href":"https:\/\/answear.hr\/blog\/wp-json\/wp\/v2\/posts\/49469"}],"collection":[{"href":"https:\/\/answear.hr\/blog\/wp-json\/wp\/v2\/posts"}],"about":[{"href":"https:\/\/answear.hr\/blog\/wp-json\/wp\/v2\/types\/post"}],"author":[{"embeddable":true,"href":"https:\/\/answear.hr\/blog\/wp-json\/wp\/v2\/users\/54"}],"replies":[{"embeddable":true,"href":"https:\/\/answear.hr\/blog\/wp-json\/wp\/v2\/comments?post=49469"}],"version-history":[{"count":9,"href":"https:\/\/answear.hr\/blog\/wp-json\/wp\/v2\/posts\/49469\/revisions"}],"predecessor-version":[{"id":49480,"href":"https:\/\/answear.hr\/blog\/wp-json\/wp\/v2\/posts\/49469\/revisions\/49480"}],"wp:featuredmedia":[{"embeddable":true,"href":"https:\/\/answear.hr\/blog\/wp-json\/wp\/v2\/media\/49471"}],"wp:attachment":[{"href":"https:\/\/answear.hr\/blog\/wp-json\/wp\/v2\/media?parent=49469"}],"wp:term":[{"taxonomy":"category","embeddable":true,"href":"https:\/\/answear.hr\/blog\/wp-json\/wp\/v2\/categories?post=49469"},{"taxonomy":"post_tag","embeddable":true,"href":"https:\/\/answear.hr\/blog\/wp-json\/wp\/v2\/tags?post=49469"}],"curies":[{"name":"wp","href":"https:\/\/api.w.org\/{rel}","templated":true}]}}