{"id":49638,"date":"2024-05-23T11:46:33","date_gmt":"2024-05-23T09:46:33","guid":{"rendered":"https:\/\/answear.hr\/blog\/?p=49638"},"modified":"2024-05-23T11:53:18","modified_gmt":"2024-05-23T09:53:18","slug":"answear-concept-store-otvoren-je-u-srcu-varsave","status":"publish","type":"post","link":"https:\/\/answear.hr\/blog\/answear-concept-store-otvoren-je-u-srcu-varsave\/49638\/","title":{"rendered":"Answear Concept Store otvoren je u srcu Var\u0161ave!"},"content":{"rendered":"<span class=\"rt-reading-time\" style=\"display: block;\"><span class=\"rt-label rt-prefix\">Vrijeme \u010ditanja<\/span> <span class=\"rt-time\">5<\/span> <span class=\"rt-label rt-postfix\">min<\/span><\/span><p><strong>Answear Concept Store upravo je otvoren u presti\u017enoj tvornici Norblin u Var\u0161avi. U estetski dopadljivim, nestandardno ure\u0111enim interijerima, moda se susre\u0107e s kreativno\u0161\u0107u, dovode\u0107i iskustvo kupnje na najvi\u0161u razinu. Otkrijte s nama ovu jedinstvenu modnu to\u010dku na karti Var\u0161ave.<\/strong><\/p>\r\n<p><!--more--><\/p>\r\n<p class=\"bigletter\">U sredi\u0161tu Var\u0161ave, u ulici \u017belazna, u poznatoj i \u010desto posje\u0107enoj tvornici Norblin, otvoren je Answear Concept Store. Trgova\u010dki prostor od 2000 m2 podijeljen je u zone. Svaki od njih ispunjen je raznovrsnom ponudom brendova: Michael Kors, Victoria Beckham, Nanushka, Iro, Diesel, AllSaints, Tory Burch, Missoni, Giuseppe Zanotti, Coach, Swarovski ili Furla, kao i adidas, Calvin Klein , Boss, Tommy Hilfiger, Polo Ralph Lauren, itd.<\/p>\r\n<p>Me\u0111utim, Answear Concept Store vi\u0161e je od obi\u010dne trgovine. To je prostor u kojemu shopping postaje nezaboravno iskustvo. Osim odabranih, ekskluzivnih kolekcija omiljenih modnih marki, kupci \u0107e prona\u0107i zone za opu\u0161tanje i zabavu, ali \u0107e prona\u0107i i modnu inspiraciju. \u201cOtvaranje konceptualnog du\u0107ana u ovakvom obliku i na ovoj posebnoj, pomno odabranoj lokaciji, ujedno je i ostvarenje misije iz na\u0161e strategije kao i dovr\u0161etak promjene pozicioniranja Answeara i njegove ponude &#8220;premium modnih marki.&#8221;, \u00a0rekla je Marta Sawicka, direktorica vizualnih komunikacija Answeara.<\/p>\r\n\r\n<figure class=\"wp-block-gallery has-nested-images columns-default is-cropped wp-block-gallery-1 is-layout-flex wp-block-gallery-is-layout-flex\">\r\n<figure class=\"wp-block-image size-large\"><img loading=\"lazy\" decoding=\"async\" width=\"1043\" height=\"695\" data-id=\"49644\" class=\"wp-image-49644\" src=\"https:\/\/answear.hr\/blog\/wp-content\/uploads\/2024\/05\/240522_ANSWEAR_wnetrza-56-1043x695.jpg\" alt=\"\" srcset=\"https:\/\/answear.hr\/blog\/wp-content\/uploads\/2024\/05\/240522_ANSWEAR_wnetrza-56-1043x695.jpg 1043w, https:\/\/answear.hr\/blog\/wp-content\/uploads\/2024\/05\/240522_ANSWEAR_wnetrza-56-768x512.jpg 768w, https:\/\/answear.hr\/blog\/wp-content\/uploads\/2024\/05\/240522_ANSWEAR_wnetrza-56-1536x1024.jpg 1536w, https:\/\/answear.hr\/blog\/wp-content\/uploads\/2024\/05\/240522_ANSWEAR_wnetrza-56-272x182.jpg 272w, https:\/\/answear.hr\/blog\/wp-content\/uploads\/2024\/05\/240522_ANSWEAR_wnetrza-56.jpg 2048w\" sizes=\"(max-width: 1043px) 100vw, 1043px\" \/><\/figure>\r\n\r\n\r\n\r\n<figure class=\"wp-block-image size-large\"><img loading=\"lazy\" decoding=\"async\" width=\"1043\" height=\"695\" data-id=\"49645\" class=\"wp-image-49645\" src=\"https:\/\/answear.hr\/blog\/wp-content\/uploads\/2024\/05\/240522_ANSWEAR_wnetrza-3-1043x695.jpg\" alt=\"\" srcset=\"https:\/\/answear.hr\/blog\/wp-content\/uploads\/2024\/05\/240522_ANSWEAR_wnetrza-3-1043x695.jpg 1043w, https:\/\/answear.hr\/blog\/wp-content\/uploads\/2024\/05\/240522_ANSWEAR_wnetrza-3-768x512.jpg 768w, https:\/\/answear.hr\/blog\/wp-content\/uploads\/2024\/05\/240522_ANSWEAR_wnetrza-3-1536x1024.jpg 1536w, https:\/\/answear.hr\/blog\/wp-content\/uploads\/2024\/05\/240522_ANSWEAR_wnetrza-3-272x182.jpg 272w, https:\/\/answear.hr\/blog\/wp-content\/uploads\/2024\/05\/240522_ANSWEAR_wnetrza-3.jpg 2048w\" sizes=\"(max-width: 1043px) 100vw, 1043px\" \/><\/figure>\r\n<\/figure>\r\n\r\n\r\n\r\n<figure class=\"wp-block-image size-large\"><img loading=\"lazy\" decoding=\"async\" width=\"1043\" height=\"695\" class=\"wp-image-49646\" src=\"https:\/\/answear.hr\/blog\/wp-content\/uploads\/2024\/05\/240522_ANSWEAR_wnetrza-4-1043x695.jpg\" alt=\"\" srcset=\"https:\/\/answear.hr\/blog\/wp-content\/uploads\/2024\/05\/240522_ANSWEAR_wnetrza-4-1043x695.jpg 1043w, https:\/\/answear.hr\/blog\/wp-content\/uploads\/2024\/05\/240522_ANSWEAR_wnetrza-4-768x512.jpg 768w, https:\/\/answear.hr\/blog\/wp-content\/uploads\/2024\/05\/240522_ANSWEAR_wnetrza-4-1536x1024.jpg 1536w, https:\/\/answear.hr\/blog\/wp-content\/uploads\/2024\/05\/240522_ANSWEAR_wnetrza-4-272x182.jpg 272w, https:\/\/answear.hr\/blog\/wp-content\/uploads\/2024\/05\/240522_ANSWEAR_wnetrza-4.jpg 2048w\" sizes=\"(max-width: 1043px) 100vw, 1043px\" \/><\/figure>\r\n\r\n\r\n\r\n<h2>Impresivan dizajn interijera<\/h2>\r\n\r\n\r\n\r\n<p><br \/>U ure\u0111enju interijera koncept trgovine klju\u010dnu ulogu igraju boje, kori\u0161teni materijali koji referiraju na prirodu i pomno birani detalji: drveni pod po mjeri, nestandardni namje\u0161taj dizajniran za potrebe trgovine i umjetni\u010dke, velike vitrine koje je dizajnirala Anna Szcz\u0119sny, umjetnica poznata po suradnji s najve\u0107im modnim ku\u0107ama.<\/p>\r\n<p>Postoje dva glavna ulaza u Answear Concept Store. Prvi usmjerava u zonu pametne mode, gdje tamnije kombinacije boja poti\u010du otkrivanje elegantnijih i sofisticiranijih prijedloga. Drugi ulaz kupce uvodi u laganije kombinacije, o\u017eivljavaju\u0107i atmosferu i predstavljaju\u0107i le\u017eernije, laganije stilove.<\/p>\r\n\r\n\r\n\r\n\r\n\r\n<figure class=\"wp-block-gallery has-nested-images columns-default is-cropped wp-block-gallery-2 is-layout-flex wp-block-gallery-is-layout-flex\">\r\n<figure class=\"wp-block-image size-large\"><img loading=\"lazy\" decoding=\"async\" width=\"1043\" height=\"695\" data-id=\"49647\" class=\"wp-image-49647\" src=\"https:\/\/answear.hr\/blog\/wp-content\/uploads\/2024\/05\/240522_ANSWEAR_wnetrza-41-1043x695.jpg\" alt=\"\" srcset=\"https:\/\/answear.hr\/blog\/wp-content\/uploads\/2024\/05\/240522_ANSWEAR_wnetrza-41-1043x695.jpg 1043w, https:\/\/answear.hr\/blog\/wp-content\/uploads\/2024\/05\/240522_ANSWEAR_wnetrza-41-768x512.jpg 768w, https:\/\/answear.hr\/blog\/wp-content\/uploads\/2024\/05\/240522_ANSWEAR_wnetrza-41-1536x1024.jpg 1536w, https:\/\/answear.hr\/blog\/wp-content\/uploads\/2024\/05\/240522_ANSWEAR_wnetrza-41-272x182.jpg 272w, https:\/\/answear.hr\/blog\/wp-content\/uploads\/2024\/05\/240522_ANSWEAR_wnetrza-41.jpg 2048w\" sizes=\"(max-width: 1043px) 100vw, 1043px\" \/><\/figure>\r\n\r\n\r\n\r\n<figure class=\"wp-block-image size-large\"><img loading=\"lazy\" decoding=\"async\" width=\"1043\" height=\"695\" data-id=\"49648\" class=\"wp-image-49648\" src=\"https:\/\/answear.hr\/blog\/wp-content\/uploads\/2024\/05\/240522_ANSWEAR_wnetrza-60-1043x695.jpg\" alt=\"\" srcset=\"https:\/\/answear.hr\/blog\/wp-content\/uploads\/2024\/05\/240522_ANSWEAR_wnetrza-60-1043x695.jpg 1043w, https:\/\/answear.hr\/blog\/wp-content\/uploads\/2024\/05\/240522_ANSWEAR_wnetrza-60-768x512.jpg 768w, https:\/\/answear.hr\/blog\/wp-content\/uploads\/2024\/05\/240522_ANSWEAR_wnetrza-60-1536x1024.jpg 1536w, https:\/\/answear.hr\/blog\/wp-content\/uploads\/2024\/05\/240522_ANSWEAR_wnetrza-60-272x182.jpg 272w, https:\/\/answear.hr\/blog\/wp-content\/uploads\/2024\/05\/240522_ANSWEAR_wnetrza-60.jpg 2048w\" sizes=\"(max-width: 1043px) 100vw, 1043px\" \/><\/figure>\r\n<\/figure>\r\n\r\n\r\n\r\n<figure class=\"wp-block-image size-large\"><img loading=\"lazy\" decoding=\"async\" width=\"1043\" height=\"695\" class=\"wp-image-49649\" src=\"https:\/\/answear.hr\/blog\/wp-content\/uploads\/2024\/05\/240522_ANSWEAR_wnetrza-62-1043x695.jpg\" alt=\"\" srcset=\"https:\/\/answear.hr\/blog\/wp-content\/uploads\/2024\/05\/240522_ANSWEAR_wnetrza-62-1043x695.jpg 1043w, https:\/\/answear.hr\/blog\/wp-content\/uploads\/2024\/05\/240522_ANSWEAR_wnetrza-62-768x512.jpg 768w, https:\/\/answear.hr\/blog\/wp-content\/uploads\/2024\/05\/240522_ANSWEAR_wnetrza-62-1536x1024.jpg 1536w, https:\/\/answear.hr\/blog\/wp-content\/uploads\/2024\/05\/240522_ANSWEAR_wnetrza-62-272x182.jpg 272w, https:\/\/answear.hr\/blog\/wp-content\/uploads\/2024\/05\/240522_ANSWEAR_wnetrza-62.jpg 2048w\" sizes=\"(max-width: 1043px) 100vw, 1043px\" \/><\/figure>\r\n\r\n\r\n\r\n<p>&#8220;Salon je podijeljen na mu\u0161ki i \u017eenski sektor. Prva zona je zemlja elegancije, gdje se tamni zavr\u0161ni slojevi i mesingani detalji mije\u0161aju s prirodnom ljepotom drveta i kamena. Zidovi ukra\u0161eni sofisticiranim tapetama pomije\u0161anim s tamnom \u017ebukom izra\u0111eni su prema narud\u017ebi. Lim i staklo prenose prizor minimalisti\u010dke sofisticiranosti.\u201d, prostor opisuje Iwona Kwadrans, voditeljica dizajna interijera u Answearu.<\/p>\r\n\r\n\r\n\r\n<p><br \/>Posebnost Answear Concept Storea su i prostrane svla\u010dionice, s prostorom za odmor namijenjene osobama koje do\u0111u kao pratnja kupcima, u svijetlim bojama, s velikim udobnim kabinama. Izme\u0111u zona nalaze se dodatne svla\u010dionice u obliku intrigantnih, samostoje\u0107ih blokova.<\/p>\r\n\r\n\r\n\r\n<h2>Vi\u0161e od trgovine<\/h2>\r\n\r\n\r\n\r\n<p><br \/>Answear Concept Store mjesto je koje nadilazi uobi\u010dajeno shva\u0107anje trgovine, gdje kupujemo gotove proizvode. Naj\u0161arenija i najkreativnija zona koncept trgovine je &#8220;Tailor&#8221; to\u010dka za prilago\u0111avanje i preinaku, gdje na razli\u010dite na\u010dine mo\u017eete personalizirati ili prilagoditi stvari koje kupujete. Tailor&#8217;s Point nudi preinake po mjeri, od najjednostavnijih poput skra\u0107ivanja i \u0161ivanja, do slo\u017eenijih usluga s individualnom cijenom. Za kupce orijentirane na umjetnost, postoji mogu\u0107nost prilago\u0111avanja odje\u0107e, obu\u0107e i torbi, markerima i bojama.<\/p>\r\n\r\n\r\n\r\n<figure class=\"wp-block-image size-large\"><img loading=\"lazy\" decoding=\"async\" width=\"1043\" height=\"695\" class=\"wp-image-49650\" src=\"https:\/\/answear.hr\/blog\/wp-content\/uploads\/2024\/05\/240522_ANSWEAR_wnetrza-52-1043x695.jpg\" alt=\"\" srcset=\"https:\/\/answear.hr\/blog\/wp-content\/uploads\/2024\/05\/240522_ANSWEAR_wnetrza-52-1043x695.jpg 1043w, https:\/\/answear.hr\/blog\/wp-content\/uploads\/2024\/05\/240522_ANSWEAR_wnetrza-52-768x512.jpg 768w, https:\/\/answear.hr\/blog\/wp-content\/uploads\/2024\/05\/240522_ANSWEAR_wnetrza-52-1536x1024.jpg 1536w, https:\/\/answear.hr\/blog\/wp-content\/uploads\/2024\/05\/240522_ANSWEAR_wnetrza-52-272x182.jpg 272w, https:\/\/answear.hr\/blog\/wp-content\/uploads\/2024\/05\/240522_ANSWEAR_wnetrza-52.jpg 2048w\" sizes=\"(max-width: 1043px) 100vw, 1043px\" \/><\/figure>\r\n\r\n\r\n\r\n<p>U koncept du\u0107anu nalazi se i Answear x Coffeedesk caf\u00e9. To je originalni projekt, okru\u017een zelenilom, gdje mo\u017eete u\u017eivati u izvrsnoj specijalnoj kavi. Za najvi\u0161u kvalitetu ponude zaslu\u017eni su baristi iz brend tima Coffeedesk. Glavno zrno koje se koristi za espresso i kavu s mlijekom je brazilski Campo das Vertentes. Osim toga, ovdje mo\u017eete ku\u0161ati razne vrste kave, od fermentirane kave do uzgojene na vulkanskom tlu ili pak one koje se razlikuju po suptilnom okusu raj\u010dice.<\/p>\r\n\r\n\r\n\r\n<p><br \/>Concept store mjesto je susreta kupaca i ljudi iz svijeta mode i kulture. Doga\u0111anja koja se tamo organiziraju u suradnji s brendovima bit \u0107e prilika da saznate jo\u0161 vi\u0161e o ponudi proizvoda i ideji razvoja brendova dostupnih na Answearu. Ovo su samo neke od planiranih aktivnosti koje \u0107e se odvijati u prodajnom prostoru na 2. katu u zgradi &#8220;Plater&#8221; tvornice Norblin.<\/p>\r\n\r\n\r\n\r\n<figure class=\"wp-block-image size-large\"><img loading=\"lazy\" decoding=\"async\" width=\"1043\" height=\"695\" class=\"wp-image-49651\" src=\"https:\/\/answear.hr\/blog\/wp-content\/uploads\/2024\/05\/240522_ANSWEAR_wnetrza-53-1043x695.jpg\" alt=\"\" srcset=\"https:\/\/answear.hr\/blog\/wp-content\/uploads\/2024\/05\/240522_ANSWEAR_wnetrza-53-1043x695.jpg 1043w, https:\/\/answear.hr\/blog\/wp-content\/uploads\/2024\/05\/240522_ANSWEAR_wnetrza-53-768x512.jpg 768w, https:\/\/answear.hr\/blog\/wp-content\/uploads\/2024\/05\/240522_ANSWEAR_wnetrza-53-1536x1024.jpg 1536w, https:\/\/answear.hr\/blog\/wp-content\/uploads\/2024\/05\/240522_ANSWEAR_wnetrza-53-272x182.jpg 272w, https:\/\/answear.hr\/blog\/wp-content\/uploads\/2024\/05\/240522_ANSWEAR_wnetrza-53.jpg 2048w\" sizes=\"(max-width: 1043px) 100vw, 1043px\" \/><\/figure>\r\n\r\n\r\n\r\n<h2>Ravnote\u017ea tehnologije i stvarnog iskustva kupovine<\/h2>\r\n\r\n\r\n\r\n<p><br \/>Prostor Answear Concept Store kreiran je prema zahtjevima i \u017eeljama kupaca. Na samom ulazu kupce \u0107e do\u010dekati savjetnici, koji nisu samo prodava\u010di, ve\u0107 prije svega imaju zada\u0107u stvarne podr\u0161ke kupcima u njihovim modnim odabirima, poznaju trendove i savr\u0161eno su upoznati s modnim aktualnostima.<\/p>\r\n\r\n\r\n\r\n<p><br \/>\u201c\u010covjek nam je i dalje najva\u017eniji, a tehnologija bi samo trebala podr\u017eati proces kupnje.\u201d, ka\u017ee Marta Sawicka, obja\u0161njavaju\u0107i ideju koja stoji iza dizajna potro\u0161a\u010dkog iskustva u konceptualnoj trgovini.<\/p>\r\n\r\n\r\n\r\n<p><br \/>Me\u0111u sadr\u017eajima su prostrane, inteligentne svla\u010dionice koje omogu\u0107uju brzi odabir veli\u010dine ili boje odje\u0107e bez napu\u0161tanja svla\u010dionice, paravani smje\u0161teni unutar trgovine s pove\u0107anom mat povr\u0161inom za vizualnu udobnost kupaca koji se po prvi puta koriste te svjetska, ultramoderna Elo Touch blagajna ra\u010dunala s dva ekrana za prodava\u010da i kupca, koja iskustvo kupovine \u010dine interaktivnim i transparentnim. Osim toga, na licu mjesta \u0107e biti dostupna to\u010dka preuzimanja, stanica za preuzimanje online narud\u017ebi s www.answear.com, uz mogu\u0107nost isprobavanja naru\u010denih artikala, kao i gla\u010danja odje\u0107e na licu mjesta.<\/p>\r\n\r\n\r\n\r\n<p class=\"kropka\">Svaki od elemenata koji \u010dine dizajn i funkcionalnost Answear Concept Storea \u010dini kupovinu pravim u\u017eitkom.<\/p>\r\n<p><\/p>","protected":false},"excerpt":{"rendered":"<p><span class=\"rt-reading-time\" style=\"display: block;\"><span class=\"rt-label rt-prefix\">Vrijeme \u010ditanja<\/span> <span class=\"rt-time\">5<\/span> <span class=\"rt-label rt-postfix\">min<\/span><\/span> Answear Concept Store upravo je otvoren u presti\u017enoj tvornici Norblin u Var\u0161avi. U estetski dopadljivim, nestandardno ure\u0111enim interijerima, moda se susre\u0107e s kreativno\u0161\u0107u, dovode\u0107i iskustvo kupnje na najvi\u0161u razinu. Otkrijte s nama ovu jedinstvenu modnu to\u010dku na karti Var\u0161ave.<\/p>\n","protected":false},"author":54,"featured_media":49639,"comment_status":"closed","ping_status":"closed","sticky":false,"template":"","format":"standard","meta":{"footnotes":""},"categories":[133],"tags":[],"class_list":["post-49638","post","type-post","status-publish","format-standard","has-post-thumbnail","hentry","category-answear-news"],"yoast_head":"<!-- This site is optimized with the Yoast SEO plugin v22.0 - https:\/\/yoast.com\/wordpress\/plugins\/seo\/ -->\n<title>Answear Concept Store otvoren je u srcu Var\u0161ave! - Answear modni blog<\/title>\n<meta name=\"description\" content=\"Answear Concept Store upravo je otvoren u presti\u017enoj tvornici Norblin u Var\u0161avi. U estetski dopadljivim, nestandardno ure\u0111enim interijerima, moda se\" \/>\n<meta name=\"robots\" content=\"index, follow, max-snippet:-1, max-image-preview:large, max-video-preview:-1\" \/>\n<link rel=\"canonical\" href=\"https:\/\/answear.hr\/blog\/answear-concept-store-otvoren-je-u-srcu-varsave\/49638\/\" \/>\n<meta property=\"og:locale\" content=\"hr_HR\" \/>\n<meta property=\"og:type\" content=\"article\" \/>\n<meta property=\"og:title\" content=\"Answear Concept Store otvoren je u srcu Var\u0161ave! - Answear modni blog\" \/>\n<meta property=\"og:description\" content=\"Answear Concept Store upravo je otvoren u presti\u017enoj tvornici Norblin u Var\u0161avi. U estetski dopadljivim, nestandardno ure\u0111enim interijerima, moda se\" \/>\n<meta property=\"og:url\" content=\"https:\/\/answear.hr\/blog\/answear-concept-store-otvoren-je-u-srcu-varsave\/49638\/\" \/>\n<meta property=\"og:site_name\" content=\"Answear modni blog\" \/>\n<meta property=\"article:published_time\" content=\"2024-05-23T09:46:33+00:00\" \/>\n<meta property=\"article:modified_time\" content=\"2024-05-23T09:53:18+00:00\" \/>\n<meta property=\"og:image\" content=\"https:\/\/answear.hr\/blog\/wp-content\/uploads\/2024\/05\/main-photo.jpg\" \/>\n\t<meta property=\"og:image:width\" content=\"1682\" \/>\n\t<meta property=\"og:image:height\" content=\"681\" \/>\n\t<meta property=\"og:image:type\" content=\"image\/jpeg\" \/>\n<meta name=\"author\" content=\"Answear\" \/>\n<meta name=\"twitter:card\" content=\"summary_large_image\" \/>\n<meta name=\"twitter:label1\" content=\"Napisao\/la\" \/>\n\t<meta name=\"twitter:data1\" content=\"Answear\" \/>\n\t<meta name=\"twitter:label2\" content=\"Procijenjeno vrijeme \u010ditanja\" \/>\n\t<meta name=\"twitter:data2\" content=\"6 minuta\" \/>\n<script type=\"application\/ld+json\" class=\"yoast-schema-graph\">{\"@context\":\"https:\/\/schema.org\",\"@graph\":[{\"@type\":\"WebPage\",\"@id\":\"https:\/\/answear.hr\/blog\/answear-concept-store-otvoren-je-u-srcu-varsave\/49638\/\",\"url\":\"https:\/\/answear.hr\/blog\/answear-concept-store-otvoren-je-u-srcu-varsave\/49638\/\",\"name\":\"Answear Concept Store otvoren je u srcu Var\u0161ave! - Answear modni blog\",\"isPartOf\":{\"@id\":\"https:\/\/answear.hr\/blog\/#website\"},\"datePublished\":\"2024-05-23T09:46:33+00:00\",\"dateModified\":\"2024-05-23T09:53:18+00:00\",\"author\":{\"@id\":\"https:\/\/answear.hr\/blog\/#\/schema\/person\/c3e5a4548505af3458f00d445fd56af5\"},\"description\":\"Answear Concept Store upravo je otvoren u presti\u017enoj tvornici Norblin u Var\u0161avi. U estetski dopadljivim, nestandardno ure\u0111enim interijerima, moda se\",\"breadcrumb\":{\"@id\":\"https:\/\/answear.hr\/blog\/answear-concept-store-otvoren-je-u-srcu-varsave\/49638\/#breadcrumb\"},\"inLanguage\":\"hr\",\"potentialAction\":[{\"@type\":\"ReadAction\",\"target\":[\"https:\/\/answear.hr\/blog\/answear-concept-store-otvoren-je-u-srcu-varsave\/49638\/\"]}]},{\"@type\":\"BreadcrumbList\",\"@id\":\"https:\/\/answear.hr\/blog\/answear-concept-store-otvoren-je-u-srcu-varsave\/49638\/#breadcrumb\",\"itemListElement\":[{\"@type\":\"ListItem\",\"position\":1,\"name\":\"Blog\",\"item\":\"https:\/\/answear.hr\/blog\/\"},{\"@type\":\"ListItem\",\"position\":2,\"name\":\"ANSWEAR NEWS\",\"item\":\"https:\/\/answear.hr\/blog\/tematy\/answear-news\/\"},{\"@type\":\"ListItem\",\"position\":3,\"name\":\"Answear Concept Store otvoren je u srcu Var\u0161ave!\"}]},{\"@type\":\"WebSite\",\"@id\":\"https:\/\/answear.hr\/blog\/#website\",\"url\":\"https:\/\/answear.hr\/blog\/\",\"name\":\"Answear modni blog\",\"description\":\"Answear modni blog\",\"potentialAction\":[{\"@type\":\"SearchAction\",\"target\":{\"@type\":\"EntryPoint\",\"urlTemplate\":\"https:\/\/answear.hr\/blog\/?s={search_term_string}\"},\"query-input\":\"required name=search_term_string\"}],\"inLanguage\":\"hr\"},{\"@type\":\"Person\",\"@id\":\"https:\/\/answear.hr\/blog\/#\/schema\/person\/c3e5a4548505af3458f00d445fd56af5\",\"name\":\"Answear\",\"image\":{\"@type\":\"ImageObject\",\"inLanguage\":\"hr\",\"@id\":\"https:\/\/answear.hr\/blog\/#\/schema\/person\/image\/\",\"url\":\"https:\/\/secure.gravatar.com\/avatar\/306a3c14f59e14766168b116b825f6ee?s=96&d=mm&r=g\",\"contentUrl\":\"https:\/\/secure.gravatar.com\/avatar\/306a3c14f59e14766168b116b825f6ee?s=96&d=mm&r=g\",\"caption\":\"Answear\"},\"url\":\"https:\/\/answear.hr\/blog\/author\/martina\/\"}]}<\/script>\n<!-- \/ Yoast SEO plugin. -->","yoast_head_json":{"title":"Answear Concept Store otvoren je u srcu Var\u0161ave! - Answear modni blog","description":"Answear Concept Store upravo je otvoren u presti\u017enoj tvornici Norblin u Var\u0161avi. U estetski dopadljivim, nestandardno ure\u0111enim interijerima, moda se","robots":{"index":"index","follow":"follow","max-snippet":"max-snippet:-1","max-image-preview":"max-image-preview:large","max-video-preview":"max-video-preview:-1"},"canonical":"https:\/\/answear.hr\/blog\/answear-concept-store-otvoren-je-u-srcu-varsave\/49638\/","og_locale":"hr_HR","og_type":"article","og_title":"Answear Concept Store otvoren je u srcu Var\u0161ave! - Answear modni blog","og_description":"Answear Concept Store upravo je otvoren u presti\u017enoj tvornici Norblin u Var\u0161avi. U estetski dopadljivim, nestandardno ure\u0111enim interijerima, moda se","og_url":"https:\/\/answear.hr\/blog\/answear-concept-store-otvoren-je-u-srcu-varsave\/49638\/","og_site_name":"Answear modni blog","article_published_time":"2024-05-23T09:46:33+00:00","article_modified_time":"2024-05-23T09:53:18+00:00","og_image":[{"width":1682,"height":681,"url":"https:\/\/answear.hr\/blog\/wp-content\/uploads\/2024\/05\/main-photo.jpg","type":"image\/jpeg"}],"author":"Answear","twitter_card":"summary_large_image","twitter_misc":{"Napisao\/la":"Answear","Procijenjeno vrijeme \u010ditanja":"6 minuta"},"schema":{"@context":"https:\/\/schema.org","@graph":[{"@type":"WebPage","@id":"https:\/\/answear.hr\/blog\/answear-concept-store-otvoren-je-u-srcu-varsave\/49638\/","url":"https:\/\/answear.hr\/blog\/answear-concept-store-otvoren-je-u-srcu-varsave\/49638\/","name":"Answear Concept Store otvoren je u srcu Var\u0161ave! - Answear modni blog","isPartOf":{"@id":"https:\/\/answear.hr\/blog\/#website"},"datePublished":"2024-05-23T09:46:33+00:00","dateModified":"2024-05-23T09:53:18+00:00","author":{"@id":"https:\/\/answear.hr\/blog\/#\/schema\/person\/c3e5a4548505af3458f00d445fd56af5"},"description":"Answear Concept Store upravo je otvoren u presti\u017enoj tvornici Norblin u Var\u0161avi. U estetski dopadljivim, nestandardno ure\u0111enim interijerima, moda se","breadcrumb":{"@id":"https:\/\/answear.hr\/blog\/answear-concept-store-otvoren-je-u-srcu-varsave\/49638\/#breadcrumb"},"inLanguage":"hr","potentialAction":[{"@type":"ReadAction","target":["https:\/\/answear.hr\/blog\/answear-concept-store-otvoren-je-u-srcu-varsave\/49638\/"]}]},{"@type":"BreadcrumbList","@id":"https:\/\/answear.hr\/blog\/answear-concept-store-otvoren-je-u-srcu-varsave\/49638\/#breadcrumb","itemListElement":[{"@type":"ListItem","position":1,"name":"Blog","item":"https:\/\/answear.hr\/blog\/"},{"@type":"ListItem","position":2,"name":"ANSWEAR NEWS","item":"https:\/\/answear.hr\/blog\/tematy\/answear-news\/"},{"@type":"ListItem","position":3,"name":"Answear Concept Store otvoren je u srcu Var\u0161ave!"}]},{"@type":"WebSite","@id":"https:\/\/answear.hr\/blog\/#website","url":"https:\/\/answear.hr\/blog\/","name":"Answear modni blog","description":"Answear modni blog","potentialAction":[{"@type":"SearchAction","target":{"@type":"EntryPoint","urlTemplate":"https:\/\/answear.hr\/blog\/?s={search_term_string}"},"query-input":"required name=search_term_string"}],"inLanguage":"hr"},{"@type":"Person","@id":"https:\/\/answear.hr\/blog\/#\/schema\/person\/c3e5a4548505af3458f00d445fd56af5","name":"Answear","image":{"@type":"ImageObject","inLanguage":"hr","@id":"https:\/\/answear.hr\/blog\/#\/schema\/person\/image\/","url":"https:\/\/secure.gravatar.com\/avatar\/306a3c14f59e14766168b116b825f6ee?s=96&d=mm&r=g","contentUrl":"https:\/\/secure.gravatar.com\/avatar\/306a3c14f59e14766168b116b825f6ee?s=96&d=mm&r=g","caption":"Answear"},"url":"https:\/\/answear.hr\/blog\/author\/martina\/"}]}},"_links":{"self":[{"href":"https:\/\/answear.hr\/blog\/wp-json\/wp\/v2\/posts\/49638"}],"collection":[{"href":"https:\/\/answear.hr\/blog\/wp-json\/wp\/v2\/posts"}],"about":[{"href":"https:\/\/answear.hr\/blog\/wp-json\/wp\/v2\/types\/post"}],"author":[{"embeddable":true,"href":"https:\/\/answear.hr\/blog\/wp-json\/wp\/v2\/users\/54"}],"replies":[{"embeddable":true,"href":"https:\/\/answear.hr\/blog\/wp-json\/wp\/v2\/comments?post=49638"}],"version-history":[{"count":15,"href":"https:\/\/answear.hr\/blog\/wp-json\/wp\/v2\/posts\/49638\/revisions"}],"predecessor-version":[{"id":49662,"href":"https:\/\/answear.hr\/blog\/wp-json\/wp\/v2\/posts\/49638\/revisions\/49662"}],"wp:featuredmedia":[{"embeddable":true,"href":"https:\/\/answear.hr\/blog\/wp-json\/wp\/v2\/media\/49639"}],"wp:attachment":[{"href":"https:\/\/answear.hr\/blog\/wp-json\/wp\/v2\/media?parent=49638"}],"wp:term":[{"taxonomy":"category","embeddable":true,"href":"https:\/\/answear.hr\/blog\/wp-json\/wp\/v2\/categories?post=49638"},{"taxonomy":"post_tag","embeddable":true,"href":"https:\/\/answear.hr\/blog\/wp-json\/wp\/v2\/tags?post=49638"}],"curies":[{"name":"wp","href":"https:\/\/api.w.org\/{rel}","templated":true}]}}