{"id":50102,"date":"2025-09-04T15:22:38","date_gmt":"2025-09-04T13:22:38","guid":{"rendered":"https:\/\/answear.hr\/blog\/?p=50102"},"modified":"2025-09-04T16:51:28","modified_gmt":"2025-09-04T14:51:28","slug":"top-lookovi-za-trendy-i-elegantan-povratak-u-grad","status":"publish","type":"post","link":"https:\/\/answear.hr\/blog\/top-lookovi-za-trendy-i-elegantan-povratak-u-grad\/50102\/","title":{"rendered":"Top lookovi za trendy i elegantan povratak u grad"},"content":{"rendered":"<span class=\"rt-reading-time\" style=\"display: block;\"><span class=\"rt-label rt-prefix\">Vrijeme \u010ditanja<\/span> <span class=\"rt-time\">8<\/span> <span class=\"rt-label rt-postfix\">min<\/span><\/span><p><strong>Iako kraj ljeta mnogima pada te\u0161ko i nije se lako odvojiti o morskog zraka, soli i valova, jedna od stvari koja svakako olak\u0161ava povratak u svakodnevicu i obveze su zasigurno novi komadi te mnogobrojne kombinacije koje jedva \u010dekamo nositi na jesen.<\/strong><\/p>\n\n\n<!--more-->\n\n\n\n<p class=\"bigletter\">Komad koji preko ljeta gotovo zanemarujemo, a temelj je svakog gradskog looka su sigurno dobre traperice. Izdvojila bih par razli\u010ditih modela za koje smatram bez obzira \u0161to su u trendu, da su ujedno i klasici koje mo\u017eete nositi sezonama. U povratku boho estetike prvo mjesto bih dala trapezicama za koje smatram da odgovaraju svima bez obzira na figuru i visinu. Ako ste od tamnijih traperica predlo\u017eila bih ovaj <a href=\"https:\/\/answear.hr\/p\/traperice-guess-amanda-visoki-struk-w5ga1q-d5b43-1399479\">Guess model<\/a>:<\/p>\n\n\n\n<figure class=\"wp-block-gallery has-nested-images columns-default is-cropped wp-block-gallery-1 is-layout-flex wp-block-gallery-is-layout-flex\">\n<figure class=\"wp-block-image size-large\"><a href=\"https:\/\/answear.hr\/p\/traperice-guess-amanda-visoki-struk-w5ga1q-d5b43-1399479\"><img loading=\"lazy\" decoding=\"async\" width=\"463\" height=\"695\" data-id=\"50106\" src=\"https:\/\/answear.hr\/blog\/wp-content\/uploads\/2025\/09\/SS25-SJD0LH-59J_F2-463x695.avif\" alt=\"\" class=\"wp-image-50106\" srcset=\"https:\/\/answear.hr\/blog\/wp-content\/uploads\/2025\/09\/SS25-SJD0LH-59J_F2-463x695.avif 463w, https:\/\/answear.hr\/blog\/wp-content\/uploads\/2025\/09\/SS25-SJD0LH-59J_F2-768x1152.avif 768w, https:\/\/answear.hr\/blog\/wp-content\/uploads\/2025\/09\/SS25-SJD0LH-59J_F2-1024x1536.avif 1024w, https:\/\/answear.hr\/blog\/wp-content\/uploads\/2025\/09\/SS25-SJD0LH-59J_F2.avif 1084w\" sizes=\"(max-width: 463px) 100vw, 463px\" \/><\/a><\/figure>\n\n\n\n<figure class=\"wp-block-image size-large\"><a href=\"https:\/\/answear.hr\/p\/traperice-guess-amanda-visoki-struk-w5ga1q-d5b43-1399479\"><img loading=\"lazy\" decoding=\"async\" width=\"463\" height=\"695\" data-id=\"50107\" src=\"https:\/\/answear.hr\/blog\/wp-content\/uploads\/2025\/09\/SS25-SJD0LH-59J_F1-463x695.avif\" alt=\"\" class=\"wp-image-50107\" srcset=\"https:\/\/answear.hr\/blog\/wp-content\/uploads\/2025\/09\/SS25-SJD0LH-59J_F1-463x695.avif 463w, https:\/\/answear.hr\/blog\/wp-content\/uploads\/2025\/09\/SS25-SJD0LH-59J_F1-768x1152.avif 768w, https:\/\/answear.hr\/blog\/wp-content\/uploads\/2025\/09\/SS25-SJD0LH-59J_F1-1024x1536.avif 1024w, https:\/\/answear.hr\/blog\/wp-content\/uploads\/2025\/09\/SS25-SJD0LH-59J_F1.avif 1084w\" sizes=\"(max-width: 463px) 100vw, 463px\" \/><\/a><\/figure>\n<\/figure>\n\n\n\n<p>&#8230; dok bih za fanove svijetlijih modela odabrala Answear LAB model koji se takodjer mo\u017ee odabrati u tamnoplavoj i sivoj varijanti.<\/p>\n\n\n\n<figure class=\"wp-block-gallery has-nested-images columns-default is-cropped wp-block-gallery-2 is-layout-flex wp-block-gallery-is-layout-flex\">\n<figure class=\"wp-block-image size-large\"><img loading=\"lazy\" decoding=\"async\" width=\"463\" height=\"695\" data-id=\"50109\" src=\"https:\/\/answear.hr\/blog\/wp-content\/uploads\/2025\/09\/WZ23-SJD03N-95X_F2-463x695.avif\" alt=\"\" class=\"wp-image-50109\" srcset=\"https:\/\/answear.hr\/blog\/wp-content\/uploads\/2025\/09\/WZ23-SJD03N-95X_F2-463x695.avif 463w, https:\/\/answear.hr\/blog\/wp-content\/uploads\/2025\/09\/WZ23-SJD03N-95X_F2-768x1152.avif 768w, https:\/\/answear.hr\/blog\/wp-content\/uploads\/2025\/09\/WZ23-SJD03N-95X_F2-1024x1536.avif 1024w, https:\/\/answear.hr\/blog\/wp-content\/uploads\/2025\/09\/WZ23-SJD03N-95X_F2.avif 1084w\" sizes=\"(max-width: 463px) 100vw, 463px\" \/><\/figure>\n\n\n\n<figure class=\"wp-block-image size-large\"><a href=\"https:\/\/answear.hr\/p\/traperice-answear-lab-visoki-struk-1387937\"><img loading=\"lazy\" decoding=\"async\" width=\"463\" height=\"695\" data-id=\"50108\" src=\"https:\/\/answear.hr\/blog\/wp-content\/uploads\/2025\/09\/WZ23-SJD03N-95X_F1-463x695.avif\" alt=\"\" class=\"wp-image-50108\" srcset=\"https:\/\/answear.hr\/blog\/wp-content\/uploads\/2025\/09\/WZ23-SJD03N-95X_F1-463x695.avif 463w, https:\/\/answear.hr\/blog\/wp-content\/uploads\/2025\/09\/WZ23-SJD03N-95X_F1-768x1152.avif 768w, https:\/\/answear.hr\/blog\/wp-content\/uploads\/2025\/09\/WZ23-SJD03N-95X_F1-1024x1536.avif 1024w, https:\/\/answear.hr\/blog\/wp-content\/uploads\/2025\/09\/WZ23-SJD03N-95X_F1.avif 1084w\" sizes=\"(max-width: 463px) 100vw, 463px\" \/><\/a><\/figure>\n<\/figure>\n\n\n\n<p>Za ljubitelje ravnog kroja koji je savr\u0161en za svakodnevne kombinacije, od kave do ureda izdvajam vje\u010dni Levi\u2019s koji \u0107e odli\u010dno fulncionirati uz kra\u0107e jakne, od ko\u017enih do bomber varijanti.<\/p>\n\n\n\n<figure class=\"wp-block-gallery has-nested-images columns-default is-cropped wp-block-gallery-3 is-layout-flex wp-block-gallery-is-layout-flex\">\n<figure class=\"wp-block-image size-large\"><a href=\"https:\/\/answear.hr\/p\/traperice-levis-boja-tamno-plava-1142300\"><img loading=\"lazy\" decoding=\"async\" width=\"461\" height=\"695\" data-id=\"50110\" src=\"https:\/\/answear.hr\/blog\/wp-content\/uploads\/2025\/09\/SS24-SJD0O4-99X_F2-461x695.avif\" alt=\"\" class=\"wp-image-50110\" srcset=\"https:\/\/answear.hr\/blog\/wp-content\/uploads\/2025\/09\/SS24-SJD0O4-99X_F2-461x695.avif 461w, https:\/\/answear.hr\/blog\/wp-content\/uploads\/2025\/09\/SS24-SJD0O4-99X_F2-768x1159.avif 768w, https:\/\/answear.hr\/blog\/wp-content\/uploads\/2025\/09\/SS24-SJD0O4-99X_F2.avif 855w\" sizes=\"(max-width: 461px) 100vw, 461px\" \/><\/a><\/figure>\n\n\n\n<figure class=\"wp-block-image size-large\"><a href=\"https:\/\/answear.hr\/p\/traperice-levis-boja-tamno-plava-1142300\"><img loading=\"lazy\" decoding=\"async\" width=\"461\" height=\"695\" data-id=\"50111\" src=\"https:\/\/answear.hr\/blog\/wp-content\/uploads\/2025\/09\/SS24-SJD0O4-99X_F1-461x695.avif\" alt=\"\" class=\"wp-image-50111\" srcset=\"https:\/\/answear.hr\/blog\/wp-content\/uploads\/2025\/09\/SS24-SJD0O4-99X_F1-461x695.avif 461w, https:\/\/answear.hr\/blog\/wp-content\/uploads\/2025\/09\/SS24-SJD0O4-99X_F1-768x1159.avif 768w, https:\/\/answear.hr\/blog\/wp-content\/uploads\/2025\/09\/SS24-SJD0O4-99X_F1.avif 855w\" sizes=\"(max-width: 461px) 100vw, 461px\" \/><\/a><\/figure>\n<\/figure>\n\n\n\n<p>Za one koje bi htjeli odmah od klasi\u010dnih traperica, a opet bi voljeli imati iskoristiv komad za ve\u0107inu situacija bi svoj odabir mogli na\u0107i u <a href=\"https:\/\/answear.hr\/p\/pamucne-traperice-pinko-za-zene-visoki-struk-104928-a2hf-1374613\">Pinko<\/a> i <a href=\"https:\/\/answear.hr\/p\/traperice-weekend-max-mara-vega-1422386\">Weeknd Max Mara<\/a> modelima.<\/p>\n\n\n\n<figure class=\"wp-block-gallery has-nested-images columns-default is-cropped wp-block-gallery-4 is-layout-flex wp-block-gallery-is-layout-flex\">\n<figure class=\"wp-block-image size-large\"><a href=\"https:\/\/answear.hr\/p\/pamucne-traperice-pinko-za-zene-visoki-struk-104928-a2hf-1374613\"><img loading=\"lazy\" decoding=\"async\" width=\"463\" height=\"695\" data-id=\"50112\" src=\"https:\/\/answear.hr\/blog\/wp-content\/uploads\/2025\/09\/SS25-SJD08A-99J_F1-463x695.avif\" alt=\"\" class=\"wp-image-50112\" srcset=\"https:\/\/answear.hr\/blog\/wp-content\/uploads\/2025\/09\/SS25-SJD08A-99J_F1-463x695.avif 463w, https:\/\/answear.hr\/blog\/wp-content\/uploads\/2025\/09\/SS25-SJD08A-99J_F1-768x1152.avif 768w, https:\/\/answear.hr\/blog\/wp-content\/uploads\/2025\/09\/SS25-SJD08A-99J_F1-1024x1536.avif 1024w, https:\/\/answear.hr\/blog\/wp-content\/uploads\/2025\/09\/SS25-SJD08A-99J_F1.avif 1084w\" sizes=\"(max-width: 463px) 100vw, 463px\" \/><\/a><\/figure>\n\n\n\n<figure class=\"wp-block-image size-large\"><img loading=\"lazy\" decoding=\"async\" width=\"463\" height=\"695\" data-id=\"50113\" src=\"https:\/\/answear.hr\/blog\/wp-content\/uploads\/2025\/09\/AW25-SJD096-55X_F1-463x695.avif\" alt=\"\" class=\"wp-image-50113\" srcset=\"https:\/\/answear.hr\/blog\/wp-content\/uploads\/2025\/09\/AW25-SJD096-55X_F1-463x695.avif 463w, https:\/\/answear.hr\/blog\/wp-content\/uploads\/2025\/09\/AW25-SJD096-55X_F1-768x1152.avif 768w, https:\/\/answear.hr\/blog\/wp-content\/uploads\/2025\/09\/AW25-SJD096-55X_F1-1024x1536.avif 1024w, https:\/\/answear.hr\/blog\/wp-content\/uploads\/2025\/09\/AW25-SJD096-55X_F1.avif 1084w\" sizes=\"(max-width: 463px) 100vw, 463px\" \/><\/figure>\n<\/figure>\n\n\n\n<p>Nakon \u0161to imamo dobre traperice mo\u017eemo krenuti na gornje dijelove koje \u0107emo uprarivati s njima. Za svakodnevne kombinacije i obavljanje svega s liste u stilu i udobnosti, izdvojila bih pleteni Tommy Hilfiger top s dol\u010devitom iz Answear Renewed kolecije, odnosno njihove suradnje sa tvrtkom INTU. Cilj je postoje\u0107im komadima koji su nenosivi prekrajanjem, popravkom produ\u017eiti \u017eivotni vijek i stvoriti jedinstven odjevni predmet. Ovaj top lako \u0107ete kombinirati na sve ponudjene traperice, a odli\u010dno \u0107e sjesti i na primjerice dugu traper suknju.<\/p>\n\n\n\n<figure class=\"wp-block-gallery has-nested-images columns-default is-cropped wp-block-gallery-5 is-layout-flex wp-block-gallery-is-layout-flex\">\n<figure class=\"wp-block-image size-large\"><a href=\"https:\/\/answear.hr\/p\/prsluk-renewed-creative-upcycling-boja-bijela-lagane-s-poludolcevitom-renewed-intu-x-answear-1306763\"><img loading=\"lazy\" decoding=\"async\" width=\"463\" height=\"695\" data-id=\"50115\" src=\"https:\/\/answear.hr\/blog\/wp-content\/uploads\/2025\/09\/AA00-SWD0LJ-00X_F2-463x695.avif\" alt=\"\" class=\"wp-image-50115\" srcset=\"https:\/\/answear.hr\/blog\/wp-content\/uploads\/2025\/09\/AA00-SWD0LJ-00X_F2-463x695.avif 463w, https:\/\/answear.hr\/blog\/wp-content\/uploads\/2025\/09\/AA00-SWD0LJ-00X_F2-768x1152.avif 768w, https:\/\/answear.hr\/blog\/wp-content\/uploads\/2025\/09\/AA00-SWD0LJ-00X_F2-1024x1536.avif 1024w, https:\/\/answear.hr\/blog\/wp-content\/uploads\/2025\/09\/AA00-SWD0LJ-00X_F2.avif 1084w\" sizes=\"(max-width: 463px) 100vw, 463px\" \/><\/a><\/figure>\n\n\n\n<figure class=\"wp-block-image size-large\"><a href=\"https:\/\/answear.hr\/p\/prsluk-renewed-creative-upcycling-boja-bijela-lagane-s-poludolcevitom-renewed-intu-x-answear-1306763\"><img loading=\"lazy\" decoding=\"async\" width=\"463\" height=\"695\" data-id=\"50114\" src=\"https:\/\/answear.hr\/blog\/wp-content\/uploads\/2025\/09\/AA00-SWD0LJ-00X_F1-463x695.avif\" alt=\"\" class=\"wp-image-50114\" srcset=\"https:\/\/answear.hr\/blog\/wp-content\/uploads\/2025\/09\/AA00-SWD0LJ-00X_F1-463x695.avif 463w, https:\/\/answear.hr\/blog\/wp-content\/uploads\/2025\/09\/AA00-SWD0LJ-00X_F1-768x1152.avif 768w, https:\/\/answear.hr\/blog\/wp-content\/uploads\/2025\/09\/AA00-SWD0LJ-00X_F1-1024x1536.avif 1024w, https:\/\/answear.hr\/blog\/wp-content\/uploads\/2025\/09\/AA00-SWD0LJ-00X_F1.avif 1084w\" sizes=\"(max-width: 463px) 100vw, 463px\" \/><\/a><\/figure>\n<\/figure>\n\n\n\n<p>Ako biste na sebi radije imali ne\u0161to \u201cozbiljnije\u201d, a opet opu\u0161teno, izdvojila bih crnu ko\u0161ulju iz Renewed kolekcije, oversized izgleda, koju mo\u017eete nositi samu ili ju koristiti kao laganu jaknu i nositi otvorenu preko majice. Ako \u017eelite napraviti promjenu u vidu odr\u017eivosti u svojem ormaru, na Answearu mo\u017eete prona\u0107i upravo takve komade u rubrici \u201cObnovljeno\u201d.<\/p>\n\n\n\n<p>Obi\u010dan, ali svakako i jedan od najte\u017eih komada za prona\u0107i je bijela majica kratkih rukava. Odabrala bih ovu opu\u0161tenog kroja koja \u0107e jednako dobro koristiti za i za odlazak na kavu i za ured. Nosite ju na klasi\u010dne ravne Levisice za kul look ili pak na \u0161iroki Weekend Max Mara model traperica za boho look.<\/p>\n\n\n\n<figure class=\"wp-block-gallery has-nested-images columns-default is-cropped wp-block-gallery-6 is-layout-flex wp-block-gallery-is-layout-flex\">\n<figure class=\"wp-block-image size-large\"><img loading=\"lazy\" decoding=\"async\" width=\"463\" height=\"695\" data-id=\"50117\" src=\"https:\/\/answear.hr\/blog\/wp-content\/uploads\/2025\/09\/WA25-TSD014-00X_F2-463x695.avif\" alt=\"\" class=\"wp-image-50117\" srcset=\"https:\/\/answear.hr\/blog\/wp-content\/uploads\/2025\/09\/WA25-TSD014-00X_F2-463x695.avif 463w, https:\/\/answear.hr\/blog\/wp-content\/uploads\/2025\/09\/WA25-TSD014-00X_F2-768x1152.avif 768w, https:\/\/answear.hr\/blog\/wp-content\/uploads\/2025\/09\/WA25-TSD014-00X_F2-1024x1536.avif 1024w, https:\/\/answear.hr\/blog\/wp-content\/uploads\/2025\/09\/WA25-TSD014-00X_F2.avif 1084w\" sizes=\"(max-width: 463px) 100vw, 463px\" \/><\/figure>\n\n\n\n<figure class=\"wp-block-image size-large\"><img loading=\"lazy\" decoding=\"async\" width=\"463\" height=\"695\" data-id=\"50116\" src=\"https:\/\/answear.hr\/blog\/wp-content\/uploads\/2025\/09\/WA25-TSD014-00X_F1-463x695.avif\" alt=\"\" class=\"wp-image-50116\" srcset=\"https:\/\/answear.hr\/blog\/wp-content\/uploads\/2025\/09\/WA25-TSD014-00X_F1-463x695.avif 463w, https:\/\/answear.hr\/blog\/wp-content\/uploads\/2025\/09\/WA25-TSD014-00X_F1-768x1152.avif 768w, https:\/\/answear.hr\/blog\/wp-content\/uploads\/2025\/09\/WA25-TSD014-00X_F1-1024x1536.avif 1024w, https:\/\/answear.hr\/blog\/wp-content\/uploads\/2025\/09\/WA25-TSD014-00X_F1.avif 1084w\" sizes=\"(max-width: 463px) 100vw, 463px\" \/><\/figure>\n<\/figure>\n\n\n\n<p>Za ne\u0161to sportskiji, a opet svje\u017ei look, traperice mo\u017eete povezati i s ovom Diesel topom:<\/p>\n\n\n\n<figure class=\"wp-block-gallery has-nested-images columns-default is-cropped wp-block-gallery-7 is-layout-flex wp-block-gallery-is-layout-flex\">\n<figure class=\"wp-block-image size-large\"><a href=\"https:\/\/answear.hr\/p\/top-diesel-t-lynys-od-tank-top-boja-crna-a15703-0afaa-1330139\"><img loading=\"lazy\" decoding=\"async\" width=\"463\" height=\"695\" data-id=\"50119\" src=\"https:\/\/answear.hr\/blog\/wp-content\/uploads\/2025\/09\/AA00-TSD120-99X_F2-463x695.avif\" alt=\"\" class=\"wp-image-50119\" srcset=\"https:\/\/answear.hr\/blog\/wp-content\/uploads\/2025\/09\/AA00-TSD120-99X_F2-463x695.avif 463w, https:\/\/answear.hr\/blog\/wp-content\/uploads\/2025\/09\/AA00-TSD120-99X_F2-768x1152.avif 768w, https:\/\/answear.hr\/blog\/wp-content\/uploads\/2025\/09\/AA00-TSD120-99X_F2-1024x1536.avif 1024w, https:\/\/answear.hr\/blog\/wp-content\/uploads\/2025\/09\/AA00-TSD120-99X_F2.avif 1084w\" sizes=\"(max-width: 463px) 100vw, 463px\" \/><\/a><\/figure>\n\n\n\n<figure class=\"wp-block-image size-large\"><a href=\"https:\/\/answear.hr\/p\/top-diesel-t-lynys-od-tank-top-boja-crna-a15703-0afaa-1330139\"><img loading=\"lazy\" decoding=\"async\" width=\"463\" height=\"695\" data-id=\"50118\" src=\"https:\/\/answear.hr\/blog\/wp-content\/uploads\/2025\/09\/AA00-TSD120-99X_F1-463x695.avif\" alt=\"\" class=\"wp-image-50118\" srcset=\"https:\/\/answear.hr\/blog\/wp-content\/uploads\/2025\/09\/AA00-TSD120-99X_F1-463x695.avif 463w, https:\/\/answear.hr\/blog\/wp-content\/uploads\/2025\/09\/AA00-TSD120-99X_F1-768x1152.avif 768w, https:\/\/answear.hr\/blog\/wp-content\/uploads\/2025\/09\/AA00-TSD120-99X_F1-1024x1536.avif 1024w, https:\/\/answear.hr\/blog\/wp-content\/uploads\/2025\/09\/AA00-TSD120-99X_F1.avif 1084w\" sizes=\"(max-width: 463px) 100vw, 463px\" \/><\/a><\/figure>\n<\/figure>\n\n\n\n<p>Ako si jo\u0161 na neko vrijeme \u017eelite ostaviti atmosferu ljeta u obu\u0107i, uz traperice mo\u017eete odabrati Birkenstock natika\u010de, ali ne one klasi\u010dne, ve\u0107 presvu\u010dene i podstavljene vunom. Osim \u0161to su jako efektne, za\u0161tititi \u0107e vas od potencijalnih naleta hladno\u0107e kroz kasno ljeto.<\/p>\n\n\n\n<figure class=\"wp-block-gallery has-nested-images columns-default is-cropped wp-block-gallery-8 is-layout-flex wp-block-gallery-is-layout-flex\">\n<figure class=\"wp-block-image size-large\"><img loading=\"lazy\" decoding=\"async\" width=\"461\" height=\"695\" data-id=\"50121\" src=\"https:\/\/answear.hr\/blog\/wp-content\/uploads\/2025\/09\/AW22-OBD1FM_09X_F2-461x695.avif\" alt=\"\" class=\"wp-image-50121\" srcset=\"https:\/\/answear.hr\/blog\/wp-content\/uploads\/2025\/09\/AW22-OBD1FM_09X_F2-461x695.avif 461w, https:\/\/answear.hr\/blog\/wp-content\/uploads\/2025\/09\/AW22-OBD1FM_09X_F2-768x1159.avif 768w, https:\/\/answear.hr\/blog\/wp-content\/uploads\/2025\/09\/AW22-OBD1FM_09X_F2.avif 855w\" sizes=\"(max-width: 461px) 100vw, 461px\" \/><\/figure>\n\n\n\n<figure class=\"wp-block-image size-large\"><a href=\"Ako si jo\u0161 na neko vrijeme \u017eelite ostaviti atmosferu ljeta u obu\u0107i, uz traperice  mo\u017eete odabrati Birkenstock natika\u010de, ali ne one klasi\u010dne, ve\u0107 presvu\u010dene i  podstavljene vunom. Osim \u0161to su jako efektne, za\u0161tititi \u0107e vas od potencijalnih naleta  hladno\u0107e kroz kasno ljeto.\"><img loading=\"lazy\" decoding=\"async\" width=\"461\" height=\"695\" data-id=\"50120\" src=\"https:\/\/answear.hr\/blog\/wp-content\/uploads\/2025\/09\/AW22-OBD1FM_09X_F1-461x695.avif\" alt=\"\" class=\"wp-image-50120\" srcset=\"https:\/\/answear.hr\/blog\/wp-content\/uploads\/2025\/09\/AW22-OBD1FM_09X_F1-461x695.avif 461w, https:\/\/answear.hr\/blog\/wp-content\/uploads\/2025\/09\/AW22-OBD1FM_09X_F1-768x1159.avif 768w, https:\/\/answear.hr\/blog\/wp-content\/uploads\/2025\/09\/AW22-OBD1FM_09X_F1.avif 855w\" sizes=\"(max-width: 461px) 100vw, 461px\" \/><\/a><\/figure>\n<\/figure>\n\n\n\n<p>Za one koji pak jedva \u010dekaju usko\u010diti u zatvorene cipele i balerinke, izdvojila bih<br>idu\u0107e modele:<\/p>\n\n\n\n<figure class=\"wp-block-gallery has-nested-images columns-default is-cropped wp-block-gallery-9 is-layout-flex wp-block-gallery-is-layout-flex\">\n<figure class=\"wp-block-image size-large\"><a href=\"https:\/\/answear.hr\/p\/tenisice-od-brusene-koze-alohas-tb-490-boja-ljubicasta-s100471-10-1404226\"><img loading=\"lazy\" decoding=\"async\" width=\"463\" height=\"695\" data-id=\"50123\" src=\"https:\/\/answear.hr\/blog\/wp-content\/uploads\/2025\/09\/SS25-OBD4TA-49X_F1-463x695.webp\" alt=\"\" class=\"wp-image-50123\" srcset=\"https:\/\/answear.hr\/blog\/wp-content\/uploads\/2025\/09\/SS25-OBD4TA-49X_F1-463x695.webp 463w, https:\/\/answear.hr\/blog\/wp-content\/uploads\/2025\/09\/SS25-OBD4TA-49X_F1-768x1152.webp 768w, https:\/\/answear.hr\/blog\/wp-content\/uploads\/2025\/09\/SS25-OBD4TA-49X_F1.webp 860w\" sizes=\"(max-width: 463px) 100vw, 463px\" \/><\/a><\/figure>\n\n\n\n<figure class=\"wp-block-image size-large\"><a href=\"https:\/\/answear.hr\/p\/tenisice-asics-gel-1130-boja-srebrna-1203a609-102-1371727\"><img loading=\"lazy\" decoding=\"async\" width=\"463\" height=\"695\" data-id=\"50122\" src=\"https:\/\/answear.hr\/blog\/wp-content\/uploads\/2025\/09\/SS25-OBU02W-SLM_F1-463x695.avif\" alt=\"\" class=\"wp-image-50122\" srcset=\"https:\/\/answear.hr\/blog\/wp-content\/uploads\/2025\/09\/SS25-OBU02W-SLM_F1-463x695.avif 463w, https:\/\/answear.hr\/blog\/wp-content\/uploads\/2025\/09\/SS25-OBU02W-SLM_F1-768x1152.avif 768w, https:\/\/answear.hr\/blog\/wp-content\/uploads\/2025\/09\/SS25-OBU02W-SLM_F1-1024x1536.avif 1024w, https:\/\/answear.hr\/blog\/wp-content\/uploads\/2025\/09\/SS25-OBU02W-SLM_F1.avif 1084w\" sizes=\"(max-width: 463px) 100vw, 463px\" \/><\/a><\/figure>\n\n\n\n<figure class=\"wp-block-image size-large\"><a href=\"https:\/\/answear.hr\/p\/balerinke-pretty-ballerinas-camille-boja-bez-52026-b-1373587\"><img loading=\"lazy\" decoding=\"async\" width=\"463\" height=\"695\" data-id=\"50125\" src=\"https:\/\/answear.hr\/blog\/wp-content\/uploads\/2025\/09\/SS25-OBD4KG-02X_F1-463x695.avif\" alt=\"\" class=\"wp-image-50125\" srcset=\"https:\/\/answear.hr\/blog\/wp-content\/uploads\/2025\/09\/SS25-OBD4KG-02X_F1-463x695.avif 463w, https:\/\/answear.hr\/blog\/wp-content\/uploads\/2025\/09\/SS25-OBD4KG-02X_F1-768x1152.avif 768w, https:\/\/answear.hr\/blog\/wp-content\/uploads\/2025\/09\/SS25-OBD4KG-02X_F1-1024x1536.avif 1024w, https:\/\/answear.hr\/blog\/wp-content\/uploads\/2025\/09\/SS25-OBD4KG-02X_F1.avif 1084w\" sizes=\"(max-width: 463px) 100vw, 463px\" \/><\/a><\/figure>\n<\/figure>\n\n\n\n<p>Look upotpunite kul nakitom, torbom te nao\u010dalama.<\/p>\n\n\n\n<figure class=\"wp-block-gallery has-nested-images columns-default is-cropped wp-block-gallery-10 is-layout-flex wp-block-gallery-is-layout-flex\">\n<figure class=\"wp-block-image size-large\"><a href=\"https:\/\/answear.hr\/p\/narukvica-boss-za-zene-1580628-1261786\"><img loading=\"lazy\" decoding=\"async\" width=\"463\" height=\"695\" data-id=\"50126\" src=\"https:\/\/answear.hr\/blog\/wp-content\/uploads\/2025\/09\/AA00-AKD8C6-GLD_F1-463x695.webp\" alt=\"\" class=\"wp-image-50126\" srcset=\"https:\/\/answear.hr\/blog\/wp-content\/uploads\/2025\/09\/AA00-AKD8C6-GLD_F1-463x695.webp 463w, https:\/\/answear.hr\/blog\/wp-content\/uploads\/2025\/09\/AA00-AKD8C6-GLD_F1-768x1152.webp 768w, https:\/\/answear.hr\/blog\/wp-content\/uploads\/2025\/09\/AA00-AKD8C6-GLD_F1-1024x1536.webp 1024w, https:\/\/answear.hr\/blog\/wp-content\/uploads\/2025\/09\/AA00-AKD8C6-GLD_F1.webp 1084w\" sizes=\"(max-width: 463px) 100vw, 463px\" \/><\/a><\/figure>\n\n\n\n<figure class=\"wp-block-image size-large\"><a href=\"https:\/\/answear.hr\/p\/kozna-torba-by-far-eloise-boja-crna-mwbsb015cl013bk001pl-1223265\"><img loading=\"lazy\" decoding=\"async\" width=\"461\" height=\"695\" data-id=\"50127\" src=\"https:\/\/answear.hr\/blog\/wp-content\/uploads\/2025\/09\/AW24-TOD2S9-99X_F1-461x695.webp\" alt=\"\" class=\"wp-image-50127\" srcset=\"https:\/\/answear.hr\/blog\/wp-content\/uploads\/2025\/09\/AW24-TOD2S9-99X_F1-461x695.webp 461w, https:\/\/answear.hr\/blog\/wp-content\/uploads\/2025\/09\/AW24-TOD2S9-99X_F1-768x1159.webp 768w, https:\/\/answear.hr\/blog\/wp-content\/uploads\/2025\/09\/AW24-TOD2S9-99X_F1.webp 855w\" sizes=\"(max-width: 461px) 100vw, 461px\" \/><\/a><\/figure>\n\n\n\n<figure class=\"wp-block-image size-large\"><a href=\"https:\/\/answear.hr\/p\/naocale-etro-za-zene-boja-smeda-etro-0096-g-s-1341180\"><img loading=\"lazy\" decoding=\"async\" width=\"463\" height=\"695\" data-id=\"50130\" src=\"https:\/\/answear.hr\/blog\/wp-content\/uploads\/2025\/09\/AA00-OKD1P2-88A_F1-463x695.avif\" alt=\"\" class=\"wp-image-50130\" srcset=\"https:\/\/answear.hr\/blog\/wp-content\/uploads\/2025\/09\/AA00-OKD1P2-88A_F1-463x695.avif 463w, https:\/\/answear.hr\/blog\/wp-content\/uploads\/2025\/09\/AA00-OKD1P2-88A_F1-768x1152.avif 768w, https:\/\/answear.hr\/blog\/wp-content\/uploads\/2025\/09\/AA00-OKD1P2-88A_F1.avif 860w\" sizes=\"(max-width: 463px) 100vw, 463px\" \/><\/a><\/figure>\n\n\n\n<figure class=\"wp-block-image size-large\"><a href=\"https:\/\/answear.hr\/p\/torba-desigual-reprise-red-valenti-boja-crvena-25waxpca-1448735\"><img loading=\"lazy\" decoding=\"async\" width=\"463\" height=\"695\" data-id=\"50128\" src=\"https:\/\/answear.hr\/blog\/wp-content\/uploads\/2025\/09\/AW25-TOD211-33X_F1-463x695.avif\" alt=\"\" class=\"wp-image-50128\" srcset=\"https:\/\/answear.hr\/blog\/wp-content\/uploads\/2025\/09\/AW25-TOD211-33X_F1-463x695.avif 463w, https:\/\/answear.hr\/blog\/wp-content\/uploads\/2025\/09\/AW25-TOD211-33X_F1-768x1152.avif 768w, https:\/\/answear.hr\/blog\/wp-content\/uploads\/2025\/09\/AW25-TOD211-33X_F1-1024x1536.avif 1024w, https:\/\/answear.hr\/blog\/wp-content\/uploads\/2025\/09\/AW25-TOD211-33X_F1.avif 1084w\" sizes=\"(max-width: 463px) 100vw, 463px\" \/><\/a><\/figure>\n\n\n\n<figure class=\"wp-block-image size-large\"><a href=\"https:\/\/answear.hr\/p\/naocale-coach-za-zene-boja-crna-0hc8390u-1341297\"><img loading=\"lazy\" decoding=\"async\" width=\"463\" height=\"695\" data-id=\"50129\" src=\"https:\/\/answear.hr\/blog\/wp-content\/uploads\/2025\/09\/AA00-OKD1UU-99X_F1-463x695.avif\" alt=\"\" class=\"wp-image-50129\" srcset=\"https:\/\/answear.hr\/blog\/wp-content\/uploads\/2025\/09\/AA00-OKD1UU-99X_F1-463x695.avif 463w, https:\/\/answear.hr\/blog\/wp-content\/uploads\/2025\/09\/AA00-OKD1UU-99X_F1-768x1152.avif 768w, https:\/\/answear.hr\/blog\/wp-content\/uploads\/2025\/09\/AA00-OKD1UU-99X_F1.avif 860w\" sizes=\"(max-width: 463px) 100vw, 463px\" \/><\/a><\/figure>\n<\/figure>\n\n\n\n<p class=\"has-text-align-left\">Prijelazno razdoblje koje nas \u010deka povratkom na posao takodjer je posljednja prilika za no\u0161enje laganih haljina na gole noge. Top komad je svakako svilena haljina opu\u0161tenog kroja. Mo\u017ee biti klasi\u010dna crna ili bijela, ili pak imati dodatak \u010dipke ili \u017eivotinjski uzorak. Osobno bih ih dodatno naglasila robusnijim \u010dizmama, kaubojkama, tankim du\u017eim ogrlicama, velikim sun\u010danim nao\u010dalama i vre\u0107astom torbom. Za odlazak na posao lako joj mo\u017eete dodati ko\u017enu jaknu, traper ko\u0161ulju, \u010dak i sako kojem \u0107ete nabrati rukave do laktova, kako bi osim osun\u010danih ruku pokazali niz narukvica koje se savr\u0161eno uklapaju u ovaj boho-Kate Moss look. Po \u017eelji haljinu opasajte \u0161irim remenom poput ovoga sa velikim zakovicama iz kolekcije Answear.LABa ili se odlu\u010dite za vintage \u0161tih iz ponude Ralph Laurena i Pepe Jeansa.<\/p>\n\n\n\n<figure class=\"wp-block-gallery has-nested-images columns-default is-cropped wp-block-gallery-11 is-layout-flex wp-block-gallery-is-layout-flex\">\n<figure class=\"wp-block-image size-large\"><a href=\"https:\/\/answear.hr\/p\/haljina-allsaints-thea-boja-srebrna-maxi-ravna-w236dc-1428103\"><img loading=\"lazy\" decoding=\"async\" width=\"463\" height=\"695\" data-id=\"50132\" src=\"https:\/\/answear.hr\/blog\/wp-content\/uploads\/2025\/09\/AW25-SUD0NG-SLV_F1-463x695.webp\" alt=\"\" class=\"wp-image-50132\" srcset=\"https:\/\/answear.hr\/blog\/wp-content\/uploads\/2025\/09\/AW25-SUD0NG-SLV_F1-463x695.webp 463w, https:\/\/answear.hr\/blog\/wp-content\/uploads\/2025\/09\/AW25-SUD0NG-SLV_F1-768x1152.webp 768w, https:\/\/answear.hr\/blog\/wp-content\/uploads\/2025\/09\/AW25-SUD0NG-SLV_F1.webp 860w\" sizes=\"(max-width: 463px) 100vw, 463px\" \/><\/a><\/figure>\n\n\n\n<figure class=\"wp-block-image size-large\"><a href=\"https:\/\/answear.hr\/p\/ogrlica-liu-jo-lj2617-1429903\"><img loading=\"lazy\" decoding=\"async\" width=\"463\" height=\"695\" data-id=\"50133\" src=\"https:\/\/answear.hr\/blog\/wp-content\/uploads\/2025\/09\/AA00-AKD9FL-SLV_F1-463x695.avif\" alt=\"\" class=\"wp-image-50133\" srcset=\"https:\/\/answear.hr\/blog\/wp-content\/uploads\/2025\/09\/AA00-AKD9FL-SLV_F1-463x695.avif 463w, https:\/\/answear.hr\/blog\/wp-content\/uploads\/2025\/09\/AA00-AKD9FL-SLV_F1-768x1152.avif 768w, https:\/\/answear.hr\/blog\/wp-content\/uploads\/2025\/09\/AA00-AKD9FL-SLV_F1-1024x1536.avif 1024w, https:\/\/answear.hr\/blog\/wp-content\/uploads\/2025\/09\/AA00-AKD9FL-SLV_F1.avif 1084w\" sizes=\"(max-width: 463px) 100vw, 463px\" \/><\/a><\/figure>\n\n\n\n<figure class=\"wp-block-image size-large\"><a href=\"https:\/\/answear.hr\/p\/narukvica-luisa-spagnoli-za-zene-542563-1463130\"><img loading=\"lazy\" decoding=\"async\" width=\"461\" height=\"695\" data-id=\"50139\" src=\"https:\/\/answear.hr\/blog\/wp-content\/uploads\/2025\/09\/AW25-AKD0PU-89X_F1-461x695.avif\" alt=\"\" class=\"wp-image-50139\" srcset=\"https:\/\/answear.hr\/blog\/wp-content\/uploads\/2025\/09\/AW25-AKD0PU-89X_F1-461x695.avif 461w, https:\/\/answear.hr\/blog\/wp-content\/uploads\/2025\/09\/AW25-AKD0PU-89X_F1-768x1159.avif 768w, https:\/\/answear.hr\/blog\/wp-content\/uploads\/2025\/09\/AW25-AKD0PU-89X_F1.avif 855w\" sizes=\"(max-width: 461px) 100vw, 461px\" \/><\/a><\/figure>\n\n\n\n<figure class=\"wp-block-image size-large\"><a href=\"https:\/\/answear.hr\/p\/remen-answear-lab-za-zene-boja-crna-912569\"><img loading=\"lazy\" decoding=\"async\" width=\"461\" height=\"695\" data-id=\"50136\" src=\"https:\/\/answear.hr\/blog\/wp-content\/uploads\/2025\/09\/WZ23-PAD02E-99X_F0-461x695.jpg\" alt=\"\" class=\"wp-image-50136\" srcset=\"https:\/\/answear.hr\/blog\/wp-content\/uploads\/2025\/09\/WZ23-PAD02E-99X_F0-461x695.jpg 461w, https:\/\/answear.hr\/blog\/wp-content\/uploads\/2025\/09\/WZ23-PAD02E-99X_F0-768x1159.jpg 768w, https:\/\/answear.hr\/blog\/wp-content\/uploads\/2025\/09\/WZ23-PAD02E-99X_F0.jpg 855w\" sizes=\"(max-width: 461px) 100vw, 461px\" \/><\/a><\/figure>\n\n\n\n<figure class=\"wp-block-image size-large\"><a href=\"https:\/\/answear.hr\/p\/kozni-remen-lauren-ralph-lauren-boja-smeda-412908273-1420434\"><img loading=\"lazy\" decoding=\"async\" width=\"463\" height=\"695\" data-id=\"50138\" src=\"https:\/\/answear.hr\/blog\/wp-content\/uploads\/2025\/09\/AW25-PAD001-88X_F1-463x695.webp\" alt=\"\" class=\"wp-image-50138\" srcset=\"https:\/\/answear.hr\/blog\/wp-content\/uploads\/2025\/09\/AW25-PAD001-88X_F1-463x695.webp 463w, https:\/\/answear.hr\/blog\/wp-content\/uploads\/2025\/09\/AW25-PAD001-88X_F1-768x1152.webp 768w, https:\/\/answear.hr\/blog\/wp-content\/uploads\/2025\/09\/AW25-PAD001-88X_F1.webp 860w\" sizes=\"(max-width: 463px) 100vw, 463px\" \/><\/a><\/figure>\n\n\n\n<figure class=\"wp-block-image size-large\"><a href=\"https:\/\/answear.hr\/p\/haljina-answear-lab-boja-bez-maxi-siri-se-prema-dolje-1436250\"><img loading=\"lazy\" decoding=\"async\" width=\"463\" height=\"695\" data-id=\"50137\" src=\"https:\/\/answear.hr\/blog\/wp-content\/uploads\/2025\/09\/WA25-SUD187-80X_F2-463x695.avif\" alt=\"\" class=\"wp-image-50137\" srcset=\"https:\/\/answear.hr\/blog\/wp-content\/uploads\/2025\/09\/WA25-SUD187-80X_F2-463x695.avif 463w, https:\/\/answear.hr\/blog\/wp-content\/uploads\/2025\/09\/WA25-SUD187-80X_F2-768x1152.avif 768w, https:\/\/answear.hr\/blog\/wp-content\/uploads\/2025\/09\/WA25-SUD187-80X_F2-1024x1536.avif 1024w, https:\/\/answear.hr\/blog\/wp-content\/uploads\/2025\/09\/WA25-SUD187-80X_F2.avif 1084w\" sizes=\"(max-width: 463px) 100vw, 463px\" \/><\/a><\/figure>\n<\/figure>\n\n\n\n<figure class=\"wp-block-gallery has-nested-images columns-default is-cropped wp-block-gallery-12 is-layout-flex wp-block-gallery-is-layout-flex\">\n<figure class=\"wp-block-image size-large\"><a href=\"https:\/\/answear.hr\/p\/ray-ban-naocale-179252\"><img loading=\"lazy\" decoding=\"async\" width=\"461\" height=\"695\" data-id=\"50140\" src=\"https:\/\/answear.hr\/blog\/wp-content\/uploads\/2025\/09\/AA00-AKDF80_99X_F0-461x695.avif\" alt=\"\" class=\"wp-image-50140\" srcset=\"https:\/\/answear.hr\/blog\/wp-content\/uploads\/2025\/09\/AA00-AKDF80_99X_F0-461x695.avif 461w, https:\/\/answear.hr\/blog\/wp-content\/uploads\/2025\/09\/AA00-AKDF80_99X_F0-768x1159.avif 768w, https:\/\/answear.hr\/blog\/wp-content\/uploads\/2025\/09\/AA00-AKDF80_99X_F0.avif 855w\" sizes=\"(max-width: 461px) 100vw, 461px\" \/><\/a><\/figure>\n\n\n\n<figure class=\"wp-block-image size-large\"><a href=\"https:\/\/answear.hr\/p\/srebrna-ogrlica-prevucena-zlatom-ania-kruk-believe-672125\"><img loading=\"lazy\" decoding=\"async\" width=\"461\" height=\"695\" data-id=\"50144\" src=\"https:\/\/answear.hr\/blog\/wp-content\/uploads\/2025\/09\/ZA00-AKD0IS_GLD_F1-461x695.avif\" alt=\"\" class=\"wp-image-50144\" srcset=\"https:\/\/answear.hr\/blog\/wp-content\/uploads\/2025\/09\/ZA00-AKD0IS_GLD_F1-461x695.avif 461w, https:\/\/answear.hr\/blog\/wp-content\/uploads\/2025\/09\/ZA00-AKD0IS_GLD_F1-768x1159.avif 768w, https:\/\/answear.hr\/blog\/wp-content\/uploads\/2025\/09\/ZA00-AKD0IS_GLD_F1.avif 855w\" sizes=\"(max-width: 461px) 100vw, 461px\" \/><\/a><\/figure>\n\n\n\n<figure class=\"wp-block-image size-large\"><a href=\"https:\/\/answear.hr\/p\/narukvica-aldo-za-zene-johan-710-1458835\"><img loading=\"lazy\" decoding=\"async\" width=\"461\" height=\"695\" data-id=\"50142\" src=\"https:\/\/answear.hr\/blog\/wp-content\/uploads\/2025\/09\/AW25-AKD0IT-GLD_F1-1-461x695.avif\" alt=\"\" class=\"wp-image-50142\" srcset=\"https:\/\/answear.hr\/blog\/wp-content\/uploads\/2025\/09\/AW25-AKD0IT-GLD_F1-1-461x695.avif 461w, https:\/\/answear.hr\/blog\/wp-content\/uploads\/2025\/09\/AW25-AKD0IT-GLD_F1-1-768x1159.avif 768w, https:\/\/answear.hr\/blog\/wp-content\/uploads\/2025\/09\/AW25-AKD0IT-GLD_F1-1.avif 855w\" sizes=\"(max-width: 461px) 100vw, 461px\" \/><\/a><\/figure>\n<\/figure>\n\n\n\n<figure class=\"wp-block-gallery has-nested-images columns-default is-cropped wp-block-gallery-13 is-layout-flex wp-block-gallery-is-layout-flex\">\n<figure class=\"wp-block-image size-large\"><a href=\"https:\/\/answear.hr\/p\/haljina-nanushka-verity-boja-crna-midi-uska-nw24crdr00399-1209901\"><img loading=\"lazy\" decoding=\"async\" width=\"461\" height=\"695\" data-id=\"50146\" src=\"https:\/\/answear.hr\/blog\/wp-content\/uploads\/2025\/09\/AW24-SUD1OB-99X_F1-461x695.avif\" alt=\"\" class=\"wp-image-50146\" srcset=\"https:\/\/answear.hr\/blog\/wp-content\/uploads\/2025\/09\/AW24-SUD1OB-99X_F1-461x695.avif 461w, https:\/\/answear.hr\/blog\/wp-content\/uploads\/2025\/09\/AW24-SUD1OB-99X_F1-768x1159.avif 768w, https:\/\/answear.hr\/blog\/wp-content\/uploads\/2025\/09\/AW24-SUD1OB-99X_F1.avif 855w\" sizes=\"(max-width: 461px) 100vw, 461px\" \/><\/a><\/figure>\n\n\n\n<figure class=\"wp-block-image size-large\"><a href=\"https:\/\/answear.hr\/p\/torba-sisley-boja-crna-6tilwy051-1388462\"><img loading=\"lazy\" decoding=\"async\" width=\"463\" height=\"695\" data-id=\"50152\" src=\"https:\/\/answear.hr\/blog\/wp-content\/uploads\/2025\/09\/SS25-TOD173-99X_F1-463x695.webp\" alt=\"\" class=\"wp-image-50152\" srcset=\"https:\/\/answear.hr\/blog\/wp-content\/uploads\/2025\/09\/SS25-TOD173-99X_F1-463x695.webp 463w, https:\/\/answear.hr\/blog\/wp-content\/uploads\/2025\/09\/SS25-TOD173-99X_F1-768x1152.webp 768w, https:\/\/answear.hr\/blog\/wp-content\/uploads\/2025\/09\/SS25-TOD173-99X_F1-1024x1536.webp 1024w, https:\/\/answear.hr\/blog\/wp-content\/uploads\/2025\/09\/SS25-TOD173-99X_F1.webp 1084w\" sizes=\"(max-width: 463px) 100vw, 463px\" \/><\/a><\/figure>\n\n\n\n<figure class=\"wp-block-image size-large\"><a href=\"https:\/\/answear.hr\/p\/torba-od-brusene-koze-coccinelle-coccinelledulse-suede-boja-bez-e1-ss6-11-01-01-1455246\"><img loading=\"lazy\" decoding=\"async\" width=\"463\" height=\"695\" data-id=\"50153\" src=\"https:\/\/answear.hr\/blog\/wp-content\/uploads\/2025\/09\/SS25-TOD0WJ-98X_F1-463x695.avif\" alt=\"\" class=\"wp-image-50153\" srcset=\"https:\/\/answear.hr\/blog\/wp-content\/uploads\/2025\/09\/SS25-TOD0WJ-98X_F1-463x695.avif 463w, https:\/\/answear.hr\/blog\/wp-content\/uploads\/2025\/09\/SS25-TOD0WJ-98X_F1-768x1152.avif 768w, https:\/\/answear.hr\/blog\/wp-content\/uploads\/2025\/09\/SS25-TOD0WJ-98X_F1-1024x1536.avif 1024w, https:\/\/answear.hr\/blog\/wp-content\/uploads\/2025\/09\/SS25-TOD0WJ-98X_F1.avif 1084w\" sizes=\"(max-width: 463px) 100vw, 463px\" \/><\/a><\/figure>\n\n\n\n<figure class=\"wp-block-image size-large\"><a href=\"https:\/\/answear.hr\/p\/jakna-bimba-y-lola-boja-crna-za-prijelazno-razdoblje-oversize-251br0461-10000-1396380\"><img loading=\"lazy\" decoding=\"async\" width=\"463\" height=\"695\" data-id=\"50151\" src=\"https:\/\/answear.hr\/blog\/wp-content\/uploads\/2025\/09\/SS25-KUD0Z5-99X_F1-463x695.avif\" alt=\"\" class=\"wp-image-50151\" srcset=\"https:\/\/answear.hr\/blog\/wp-content\/uploads\/2025\/09\/SS25-KUD0Z5-99X_F1-463x695.avif 463w, https:\/\/answear.hr\/blog\/wp-content\/uploads\/2025\/09\/SS25-KUD0Z5-99X_F1-768x1152.avif 768w, https:\/\/answear.hr\/blog\/wp-content\/uploads\/2025\/09\/SS25-KUD0Z5-99X_F1-1024x1536.avif 1024w, https:\/\/answear.hr\/blog\/wp-content\/uploads\/2025\/09\/SS25-KUD0Z5-99X_F1.avif 1084w\" sizes=\"(max-width: 463px) 100vw, 463px\" \/><\/a><\/figure>\n\n\n\n<figure class=\"wp-block-image size-large\"><a href=\"https:\/\/answear.hr\/p\/kozne-gleznjace-pinko-alys-za-zene-boja-crna-s-debelom-potpeticom-sd0155-p056-z99-1233719\"><img loading=\"lazy\" decoding=\"async\" width=\"461\" height=\"695\" data-id=\"50149\" src=\"https:\/\/answear.hr\/blog\/wp-content\/uploads\/2025\/09\/AW24-OBD016-99X_F1-461x695.webp\" alt=\"\" class=\"wp-image-50149\" srcset=\"https:\/\/answear.hr\/blog\/wp-content\/uploads\/2025\/09\/AW24-OBD016-99X_F1-461x695.webp 461w, https:\/\/answear.hr\/blog\/wp-content\/uploads\/2025\/09\/AW24-OBD016-99X_F1-768x1159.webp 768w, https:\/\/answear.hr\/blog\/wp-content\/uploads\/2025\/09\/AW24-OBD016-99X_F1.webp 855w\" sizes=\"(max-width: 461px) 100vw, 461px\" \/><\/a><\/figure>\n\n\n\n<figure class=\"wp-block-image size-large\"><a href=\"https:\/\/answear.hr\/p\/kaubojske-cipele-answear-lab-za-zene-boja-crna-s-debelom-potpeticom-1175047\"><img loading=\"lazy\" decoding=\"async\" width=\"461\" height=\"695\" data-id=\"50150\" src=\"https:\/\/answear.hr\/blog\/wp-content\/uploads\/2025\/09\/WZ24-OBD014-99X_F1-461x695.avif\" alt=\"\" class=\"wp-image-50150\" srcset=\"https:\/\/answear.hr\/blog\/wp-content\/uploads\/2025\/09\/WZ24-OBD014-99X_F1-461x695.avif 461w, https:\/\/answear.hr\/blog\/wp-content\/uploads\/2025\/09\/WZ24-OBD014-99X_F1-768x1159.avif 768w, https:\/\/answear.hr\/blog\/wp-content\/uploads\/2025\/09\/WZ24-OBD014-99X_F1.avif 855w\" sizes=\"(max-width: 461px) 100vw, 461px\" \/><\/a><\/figure>\n<\/figure>\n\n\n\n<figure class=\"wp-block-gallery has-nested-images columns-default is-cropped wp-block-gallery-14 is-layout-flex wp-block-gallery-is-layout-flex\">\n<figure class=\"wp-block-image size-large\"><a href=\"https:\/\/answear.hr\/p\/kozna-ramones-jakna-boss-orange-boja-bordo-za-prijelazno-razdoblje-oversize-50543026-1428803\"><img loading=\"lazy\" decoding=\"async\" width=\"463\" height=\"695\" data-id=\"50154\" src=\"https:\/\/answear.hr\/blog\/wp-content\/uploads\/2025\/09\/AW25-KUD04L-93X_F1-463x695.avif\" alt=\"\" class=\"wp-image-50154\" srcset=\"https:\/\/answear.hr\/blog\/wp-content\/uploads\/2025\/09\/AW25-KUD04L-93X_F1-463x695.avif 463w, https:\/\/answear.hr\/blog\/wp-content\/uploads\/2025\/09\/AW25-KUD04L-93X_F1-768x1152.avif 768w, https:\/\/answear.hr\/blog\/wp-content\/uploads\/2025\/09\/AW25-KUD04L-93X_F1-1024x1536.avif 1024w, https:\/\/answear.hr\/blog\/wp-content\/uploads\/2025\/09\/AW25-KUD04L-93X_F1.avif 1084w\" sizes=\"(max-width: 463px) 100vw, 463px\" \/><\/a><\/figure>\n\n\n\n<figure class=\"wp-block-image size-large\"><a href=\"https:\/\/answear.hr\/p\/traper-jakna-tommy-jeans-za-prijelazno-razdoblje-dw0dw20120-1386603\"><img loading=\"lazy\" decoding=\"async\" width=\"463\" height=\"695\" data-id=\"50155\" src=\"https:\/\/answear.hr\/blog\/wp-content\/uploads\/2025\/09\/SS25-KUD0PH-55J_F1-463x695.avif\" alt=\"\" class=\"wp-image-50155\" srcset=\"https:\/\/answear.hr\/blog\/wp-content\/uploads\/2025\/09\/SS25-KUD0PH-55J_F1-463x695.avif 463w, https:\/\/answear.hr\/blog\/wp-content\/uploads\/2025\/09\/SS25-KUD0PH-55J_F1-768x1152.avif 768w, https:\/\/answear.hr\/blog\/wp-content\/uploads\/2025\/09\/SS25-KUD0PH-55J_F1-1024x1536.avif 1024w, https:\/\/answear.hr\/blog\/wp-content\/uploads\/2025\/09\/SS25-KUD0PH-55J_F1.avif 1084w\" sizes=\"(max-width: 463px) 100vw, 463px\" \/><\/a><\/figure>\n\n\n\n<figure class=\"wp-block-image size-large\"><a href=\"https:\/\/answear.hr\/p\/kaubojske-cizme-od-brusene-koze-guess-lanna2-boja-crna-ravni-potplat-fltln2-sue10-1430310\"><img loading=\"lazy\" decoding=\"async\" width=\"463\" height=\"695\" data-id=\"50157\" src=\"https:\/\/answear.hr\/blog\/wp-content\/uploads\/2025\/09\/AW25-OBD0K9-99X_F1-1-463x695.avif\" alt=\"\" class=\"wp-image-50157\" srcset=\"https:\/\/answear.hr\/blog\/wp-content\/uploads\/2025\/09\/AW25-OBD0K9-99X_F1-1-463x695.avif 463w, https:\/\/answear.hr\/blog\/wp-content\/uploads\/2025\/09\/AW25-OBD0K9-99X_F1-1-768x1152.avif 768w, https:\/\/answear.hr\/blog\/wp-content\/uploads\/2025\/09\/AW25-OBD0K9-99X_F1-1-1024x1536.avif 1024w, https:\/\/answear.hr\/blog\/wp-content\/uploads\/2025\/09\/AW25-OBD0K9-99X_F1-1.avif 1084w\" sizes=\"(max-width: 463px) 100vw, 463px\" \/><\/a><\/figure>\n<\/figure>\n\n\n\n<p>I na kraju, za \u201cozbiljan\u201d povratak u ured nema boljeg recepta od \u201coffice siren\u201d look-a. Mo\u017eete se odlu\u010diti za haljinu, ko\u0161ulju sa suknjom ili hla\u010dama, odijelo, no bitno je da je je strukirano i prati figuru kako bi cijeli dojam bio \u017eenstven, elengantan i \u201csleek\u201d. Za nagla\u0161avanje struka koristite tanji remen, stro\u017ee dioptrijske nao\u010dale te po\u017eeljno vi\u0161lju petu. U cijelom looku se mo\u017eete voditi \u010disto\u0107om 90-tih, hladnim i neutralnijim tonovima, no nije na odmet ubaciti akcent poput boje ili \u017eivotnjslog uzorka!<\/p>\n\n\n\n<figure class=\"wp-block-gallery has-nested-images columns-default is-cropped wp-block-gallery-15 is-layout-flex wp-block-gallery-is-layout-flex\">\n<figure class=\"wp-block-image size-large\"><a href=\"https:\/\/answear.hr\/p\/sako-patrizia-pepe-boja-crna-jednoredno-zakopcavanje-bez-uzorka-8s0545-a6f5-1429053\"><img loading=\"lazy\" decoding=\"async\" width=\"463\" height=\"695\" data-id=\"50158\" src=\"https:\/\/answear.hr\/blog\/wp-content\/uploads\/2025\/09\/AW25-KZD006-99X_F1-463x695.avif\" alt=\"\" class=\"wp-image-50158\" srcset=\"https:\/\/answear.hr\/blog\/wp-content\/uploads\/2025\/09\/AW25-KZD006-99X_F1-463x695.avif 463w, https:\/\/answear.hr\/blog\/wp-content\/uploads\/2025\/09\/AW25-KZD006-99X_F1-768x1152.avif 768w, https:\/\/answear.hr\/blog\/wp-content\/uploads\/2025\/09\/AW25-KZD006-99X_F1-1024x1536.avif 1024w, https:\/\/answear.hr\/blog\/wp-content\/uploads\/2025\/09\/AW25-KZD006-99X_F1.avif 1084w\" sizes=\"(max-width: 463px) 100vw, 463px\" \/><\/a><\/figure>\n\n\n\n<figure class=\"wp-block-image size-large\"><a href=\"https:\/\/answear.hr\/p\/prsluk-hugo-boja-tamno-plava-jednoredno-zakopcavanje-50536433-1306103\"><img loading=\"lazy\" decoding=\"async\" width=\"463\" height=\"695\" data-id=\"50166\" src=\"https:\/\/answear.hr\/blog\/wp-content\/uploads\/2025\/09\/SS25-KUD02E-59X_F1-463x695.avif\" alt=\"\" class=\"wp-image-50166\" srcset=\"https:\/\/answear.hr\/blog\/wp-content\/uploads\/2025\/09\/SS25-KUD02E-59X_F1-463x695.avif 463w, https:\/\/answear.hr\/blog\/wp-content\/uploads\/2025\/09\/SS25-KUD02E-59X_F1-768x1152.avif 768w, https:\/\/answear.hr\/blog\/wp-content\/uploads\/2025\/09\/SS25-KUD02E-59X_F1-1024x1536.avif 1024w, https:\/\/answear.hr\/blog\/wp-content\/uploads\/2025\/09\/SS25-KUD02E-59X_F1.avif 1084w\" sizes=\"(max-width: 463px) 100vw, 463px\" \/><\/a><\/figure>\n\n\n\n<figure class=\"wp-block-image size-large\"><a href=\"https:\/\/answear.hr\/p\/bodi-la-mania-boja-crna-bez-uzorka-fold-1454054\"><img loading=\"lazy\" decoding=\"async\" width=\"463\" height=\"695\" data-id=\"50160\" src=\"https:\/\/answear.hr\/blog\/wp-content\/uploads\/2025\/09\/AW25-BDD0C8-99X_F1-463x695.avif\" alt=\"\" class=\"wp-image-50160\" srcset=\"https:\/\/answear.hr\/blog\/wp-content\/uploads\/2025\/09\/AW25-BDD0C8-99X_F1-463x695.avif 463w, https:\/\/answear.hr\/blog\/wp-content\/uploads\/2025\/09\/AW25-BDD0C8-99X_F1-768x1152.avif 768w, https:\/\/answear.hr\/blog\/wp-content\/uploads\/2025\/09\/AW25-BDD0C8-99X_F1-1024x1536.avif 1024w, https:\/\/answear.hr\/blog\/wp-content\/uploads\/2025\/09\/AW25-BDD0C8-99X_F1.avif 1084w\" sizes=\"(max-width: 463px) 100vw, 463px\" \/><\/a><\/figure>\n\n\n\n<figure class=\"wp-block-image size-large\"><a href=\"https:\/\/answear.hr\/p\/bluza-guess-dolman-za-zene-boja-tamno-plava-bez-uzorka-w5gp46-kacm2-1371540\"><img loading=\"lazy\" decoding=\"async\" width=\"463\" height=\"695\" data-id=\"50159\" src=\"https:\/\/answear.hr\/blog\/wp-content\/uploads\/2025\/09\/SS25-BDD0EH-59X_F1-463x695.avif\" alt=\"\" class=\"wp-image-50159\" srcset=\"https:\/\/answear.hr\/blog\/wp-content\/uploads\/2025\/09\/SS25-BDD0EH-59X_F1-463x695.avif 463w, https:\/\/answear.hr\/blog\/wp-content\/uploads\/2025\/09\/SS25-BDD0EH-59X_F1-768x1152.avif 768w, https:\/\/answear.hr\/blog\/wp-content\/uploads\/2025\/09\/SS25-BDD0EH-59X_F1-1024x1536.avif 1024w, https:\/\/answear.hr\/blog\/wp-content\/uploads\/2025\/09\/SS25-BDD0EH-59X_F1.avif 1084w\" sizes=\"(max-width: 463px) 100vw, 463px\" \/><\/a><\/figure>\n\n\n\n<figure class=\"wp-block-image size-large\"><a href=\"https:\/\/answear.hr\/p\/bluza-morgan-tufus-za-zene-boja-bez-s-uzorkom-tufus-1361584\"><img loading=\"lazy\" decoding=\"async\" width=\"463\" height=\"695\" data-id=\"50162\" src=\"https:\/\/answear.hr\/blog\/wp-content\/uploads\/2025\/09\/SS25-KDD0NK-80E_F1-463x695.webp\" alt=\"\" class=\"wp-image-50162\" srcset=\"https:\/\/answear.hr\/blog\/wp-content\/uploads\/2025\/09\/SS25-KDD0NK-80E_F1-463x695.webp 463w, https:\/\/answear.hr\/blog\/wp-content\/uploads\/2025\/09\/SS25-KDD0NK-80E_F1-768x1152.webp 768w, https:\/\/answear.hr\/blog\/wp-content\/uploads\/2025\/09\/SS25-KDD0NK-80E_F1-1024x1536.webp 1024w, https:\/\/answear.hr\/blog\/wp-content\/uploads\/2025\/09\/SS25-KDD0NK-80E_F1.webp 1084w\" sizes=\"(max-width: 463px) 100vw, 463px\" \/><\/a><\/figure>\n\n\n\n<figure class=\"wp-block-image size-large\"><a href=\"https:\/\/answear.hr\/p\/bodi-answear-lab-za-zene-boja-crna-bez-uzorka-1367627\"><img loading=\"lazy\" decoding=\"async\" width=\"463\" height=\"695\" data-id=\"50164\" src=\"https:\/\/answear.hr\/blog\/wp-content\/uploads\/2025\/09\/WW25-BDD04F-99X_F1-463x695.avif\" alt=\"\" class=\"wp-image-50164\" srcset=\"https:\/\/answear.hr\/blog\/wp-content\/uploads\/2025\/09\/WW25-BDD04F-99X_F1-463x695.avif 463w, https:\/\/answear.hr\/blog\/wp-content\/uploads\/2025\/09\/WW25-BDD04F-99X_F1-768x1152.avif 768w, https:\/\/answear.hr\/blog\/wp-content\/uploads\/2025\/09\/WW25-BDD04F-99X_F1-1024x1536.avif 1024w, https:\/\/answear.hr\/blog\/wp-content\/uploads\/2025\/09\/WW25-BDD04F-99X_F1.avif 1084w\" sizes=\"(max-width: 463px) 100vw, 463px\" \/><\/a><\/figure>\n\n\n\n<figure class=\"wp-block-image size-large\"><a href=\"https:\/\/answear.hr\/p\/kosulja-tommy-hilfiger-za-zene-boja-tamno-plava-slim-s-klasicnim-ovratnikom-ww0ww43528-1416464\"><img loading=\"lazy\" decoding=\"async\" width=\"463\" height=\"695\" data-id=\"50163\" src=\"https:\/\/answear.hr\/blog\/wp-content\/uploads\/2025\/09\/c-463x695.avif\" alt=\"\" class=\"wp-image-50163\" srcset=\"https:\/\/answear.hr\/blog\/wp-content\/uploads\/2025\/09\/c-463x695.avif 463w, https:\/\/answear.hr\/blog\/wp-content\/uploads\/2025\/09\/c-768x1152.avif 768w, https:\/\/answear.hr\/blog\/wp-content\/uploads\/2025\/09\/c-1024x1536.avif 1024w, https:\/\/answear.hr\/blog\/wp-content\/uploads\/2025\/09\/c.avif 1084w\" sizes=\"(max-width: 463px) 100vw, 463px\" \/><\/a><\/figure>\n\n\n\n<figure class=\"wp-block-image size-large\"><a href=\"https:\/\/answear.hr\/p\/haljina-herve-leger-julia-boja-tamno-plava-midi-ravna-bwe8498975-1369055\"><img loading=\"lazy\" decoding=\"async\" width=\"463\" height=\"695\" data-id=\"50161\" src=\"https:\/\/answear.hr\/blog\/wp-content\/uploads\/2025\/09\/SS25-SUD27B-59X_F1-463x695.avif\" alt=\"\" class=\"wp-image-50161\" srcset=\"https:\/\/answear.hr\/blog\/wp-content\/uploads\/2025\/09\/SS25-SUD27B-59X_F1-463x695.avif 463w, https:\/\/answear.hr\/blog\/wp-content\/uploads\/2025\/09\/SS25-SUD27B-59X_F1-768x1152.avif 768w, https:\/\/answear.hr\/blog\/wp-content\/uploads\/2025\/09\/SS25-SUD27B-59X_F1-1024x1536.avif 1024w, https:\/\/answear.hr\/blog\/wp-content\/uploads\/2025\/09\/SS25-SUD27B-59X_F1.avif 1084w\" sizes=\"(max-width: 463px) 100vw, 463px\" \/><\/a><\/figure>\n\n\n\n<figure class=\"wp-block-image size-large\"><a href=\"https:\/\/answear.hr\/p\/haljina-boss-boja-bez-midi-ravna-50541987-1424524\"><img loading=\"lazy\" decoding=\"async\" width=\"463\" height=\"695\" data-id=\"50165\" src=\"https:\/\/answear.hr\/blog\/wp-content\/uploads\/2025\/09\/AW25-SUD0A1-80B_F1-463x695.avif\" alt=\"\" class=\"wp-image-50165\" srcset=\"https:\/\/answear.hr\/blog\/wp-content\/uploads\/2025\/09\/AW25-SUD0A1-80B_F1-463x695.avif 463w, https:\/\/answear.hr\/blog\/wp-content\/uploads\/2025\/09\/AW25-SUD0A1-80B_F1-768x1152.avif 768w, https:\/\/answear.hr\/blog\/wp-content\/uploads\/2025\/09\/AW25-SUD0A1-80B_F1-1024x1536.avif 1024w, https:\/\/answear.hr\/blog\/wp-content\/uploads\/2025\/09\/AW25-SUD0A1-80B_F1.avif 1084w\" sizes=\"(max-width: 463px) 100vw, 463px\" \/><\/a><\/figure>\n<\/figure>\n\n\n\n<figure class=\"wp-block-gallery has-nested-images columns-default is-cropped wp-block-gallery-16 is-layout-flex wp-block-gallery-is-layout-flex\">\n<figure class=\"wp-block-image size-large\"><a href=\"https:\/\/answear.hr\/p\/kozne-stikle-dkny-neaira-boja-bez-k3566348-1442868\"><img loading=\"lazy\" decoding=\"async\" width=\"463\" height=\"695\" data-id=\"50173\" src=\"https:\/\/answear.hr\/blog\/wp-content\/uploads\/2025\/09\/AW25-OBD1EH-01X_F1-463x695.avif\" alt=\"\" class=\"wp-image-50173\" srcset=\"https:\/\/answear.hr\/blog\/wp-content\/uploads\/2025\/09\/AW25-OBD1EH-01X_F1-463x695.avif 463w, https:\/\/answear.hr\/blog\/wp-content\/uploads\/2025\/09\/AW25-OBD1EH-01X_F1-768x1152.avif 768w, https:\/\/answear.hr\/blog\/wp-content\/uploads\/2025\/09\/AW25-OBD1EH-01X_F1-1024x1536.avif 1024w, https:\/\/answear.hr\/blog\/wp-content\/uploads\/2025\/09\/AW25-OBD1EH-01X_F1.avif 1084w\" sizes=\"(max-width: 463px) 100vw, 463px\" \/><\/a><\/figure>\n\n\n\n<figure class=\"wp-block-image size-large\"><a href=\"https:\/\/answear.hr\/p\/stikle-od-brusene-koze-steve-madden-evelyn-a-boja-smeda-sm11003507-1311384\"><img loading=\"lazy\" decoding=\"async\" width=\"463\" height=\"695\" data-id=\"50169\" src=\"https:\/\/answear.hr\/blog\/wp-content\/uploads\/2025\/09\/SS25-OBD10K-82X_F1-463x695.avif\" alt=\"\" class=\"wp-image-50169\" srcset=\"https:\/\/answear.hr\/blog\/wp-content\/uploads\/2025\/09\/SS25-OBD10K-82X_F1-463x695.avif 463w, https:\/\/answear.hr\/blog\/wp-content\/uploads\/2025\/09\/SS25-OBD10K-82X_F1-768x1152.avif 768w, https:\/\/answear.hr\/blog\/wp-content\/uploads\/2025\/09\/SS25-OBD10K-82X_F1-1024x1536.avif 1024w, https:\/\/answear.hr\/blog\/wp-content\/uploads\/2025\/09\/SS25-OBD10K-82X_F1.avif 1084w\" sizes=\"(max-width: 463px) 100vw, 463px\" \/><\/a><\/figure>\n\n\n\n<figure class=\"wp-block-image size-large\"><a href=\"https:\/\/answear.hr\/p\/stikle-guess-nassir-boja-crna-fljnas-paf05-1378186\"><img loading=\"lazy\" decoding=\"async\" width=\"463\" height=\"695\" data-id=\"50170\" src=\"https:\/\/answear.hr\/blog\/wp-content\/uploads\/2025\/09\/SS25-OBD30U-99X_F1-463x695.webp\" alt=\"\" class=\"wp-image-50170\" srcset=\"https:\/\/answear.hr\/blog\/wp-content\/uploads\/2025\/09\/SS25-OBD30U-99X_F1-463x695.webp 463w, https:\/\/answear.hr\/blog\/wp-content\/uploads\/2025\/09\/SS25-OBD30U-99X_F1-768x1152.webp 768w, https:\/\/answear.hr\/blog\/wp-content\/uploads\/2025\/09\/SS25-OBD30U-99X_F1-1024x1536.webp 1024w, https:\/\/answear.hr\/blog\/wp-content\/uploads\/2025\/09\/SS25-OBD30U-99X_F1.webp 1084w\" sizes=\"(max-width: 463px) 100vw, 463px\" \/><\/a><\/figure>\n\n\n\n<figure class=\"wp-block-image size-large\"><a href=\"https:\/\/answear.hr\/p\/hlace-pinko-boja-crna-trapez-visoki-struk-105705-a24c-1452448\"><img loading=\"lazy\" decoding=\"async\" width=\"463\" height=\"695\" data-id=\"50172\" src=\"https:\/\/answear.hr\/blog\/wp-content\/uploads\/2025\/09\/AW25-SPD06A-99X_F1-463x695.avif\" alt=\"\" class=\"wp-image-50172\" srcset=\"https:\/\/answear.hr\/blog\/wp-content\/uploads\/2025\/09\/AW25-SPD06A-99X_F1-463x695.avif 463w, https:\/\/answear.hr\/blog\/wp-content\/uploads\/2025\/09\/AW25-SPD06A-99X_F1-768x1152.avif 768w, https:\/\/answear.hr\/blog\/wp-content\/uploads\/2025\/09\/AW25-SPD06A-99X_F1-1024x1536.avif 1024w, https:\/\/answear.hr\/blog\/wp-content\/uploads\/2025\/09\/AW25-SPD06A-99X_F1.avif 1084w\" sizes=\"(max-width: 463px) 100vw, 463px\" \/><\/a><\/figure>\n\n\n\n<figure class=\"wp-block-image size-large\"><a href=\"https:\/\/answear.hr\/p\/hlace-sisley-boja-crna-kroj-cigarette-srednje-visoki-struk-4enmle02x-1422665\"><img loading=\"lazy\" decoding=\"async\" width=\"463\" height=\"695\" data-id=\"50171\" src=\"https:\/\/answear.hr\/blog\/wp-content\/uploads\/2025\/09\/SS25-SPD1GY-99X_F1-463x695.webp\" alt=\"\" class=\"wp-image-50171\" srcset=\"https:\/\/answear.hr\/blog\/wp-content\/uploads\/2025\/09\/SS25-SPD1GY-99X_F1-463x695.webp 463w, https:\/\/answear.hr\/blog\/wp-content\/uploads\/2025\/09\/SS25-SPD1GY-99X_F1-768x1152.webp 768w, https:\/\/answear.hr\/blog\/wp-content\/uploads\/2025\/09\/SS25-SPD1GY-99X_F1-1024x1536.webp 1024w, https:\/\/answear.hr\/blog\/wp-content\/uploads\/2025\/09\/SS25-SPD1GY-99X_F1.webp 1084w\" sizes=\"(max-width: 463px) 100vw, 463px\" \/><\/a><\/figure>\n\n\n\n<figure class=\"wp-block-image size-large\"><a href=\"https:\/\/answear.hr\/p\/hlace-united-colors-of-benetton-za-zene-boja-tamno-plava-kroj-cigarette-visoki-struk-40fadf08u-1384150\"><img loading=\"lazy\" decoding=\"async\" width=\"463\" height=\"695\" data-id=\"50168\" src=\"https:\/\/answear.hr\/blog\/wp-content\/uploads\/2025\/09\/SS25-SPD0PY-59A_F1-463x695.avif\" alt=\"\" class=\"wp-image-50168\" srcset=\"https:\/\/answear.hr\/blog\/wp-content\/uploads\/2025\/09\/SS25-SPD0PY-59A_F1-463x695.avif 463w, https:\/\/answear.hr\/blog\/wp-content\/uploads\/2025\/09\/SS25-SPD0PY-59A_F1-768x1152.avif 768w, https:\/\/answear.hr\/blog\/wp-content\/uploads\/2025\/09\/SS25-SPD0PY-59A_F1-1024x1536.avif 1024w, https:\/\/answear.hr\/blog\/wp-content\/uploads\/2025\/09\/SS25-SPD0PY-59A_F1.avif 1084w\" sizes=\"(max-width: 463px) 100vw, 463px\" \/><\/a><\/figure>\n\n\n\n<figure class=\"wp-block-image size-large\"><a href=\"https:\/\/answear.hr\/p\/suknja-s-primjesom-vune-luisa-spagnoli-boja-siva-mini-ravna-541951-1334783\"><img loading=\"lazy\" decoding=\"async\" width=\"463\" height=\"695\" data-id=\"50167\" src=\"https:\/\/answear.hr\/blog\/wp-content\/uploads\/2025\/09\/SS25-SDD07T-90X_F1-463x695.webp\" alt=\"\" class=\"wp-image-50167\" srcset=\"https:\/\/answear.hr\/blog\/wp-content\/uploads\/2025\/09\/SS25-SDD07T-90X_F1-463x695.webp 463w, https:\/\/answear.hr\/blog\/wp-content\/uploads\/2025\/09\/SS25-SDD07T-90X_F1-768x1152.webp 768w, https:\/\/answear.hr\/blog\/wp-content\/uploads\/2025\/09\/SS25-SDD07T-90X_F1-1024x1536.webp 1024w, https:\/\/answear.hr\/blog\/wp-content\/uploads\/2025\/09\/SS25-SDD07T-90X_F1.webp 1084w\" sizes=\"(max-width: 463px) 100vw, 463px\" \/><\/a><\/figure>\n\n\n\n<figure class=\"wp-block-image size-large\"><a href=\"https:\/\/answear.hr\/p\/suknja-boss-boja-crna-midi-pencil-50541985-1423779\"><img loading=\"lazy\" decoding=\"async\" width=\"463\" height=\"695\" data-id=\"50175\" src=\"https:\/\/answear.hr\/blog\/wp-content\/uploads\/2025\/09\/AW25-SDD037-99X_F1-463x695.avif\" alt=\"\" class=\"wp-image-50175\" srcset=\"https:\/\/answear.hr\/blog\/wp-content\/uploads\/2025\/09\/AW25-SDD037-99X_F1-463x695.avif 463w, https:\/\/answear.hr\/blog\/wp-content\/uploads\/2025\/09\/AW25-SDD037-99X_F1-768x1152.avif 768w, https:\/\/answear.hr\/blog\/wp-content\/uploads\/2025\/09\/AW25-SDD037-99X_F1-1024x1536.avif 1024w, https:\/\/answear.hr\/blog\/wp-content\/uploads\/2025\/09\/AW25-SDD037-99X_F1.avif 1084w\" sizes=\"(max-width: 463px) 100vw, 463px\" \/><\/a><\/figure>\n\n\n\n<figure class=\"wp-block-image size-large\"><a href=\"https:\/\/answear.hr\/p\/sako-answear-lab-boja-bez-jednoredno-zakopcavanje-bez-uzorka-1380957\"><img loading=\"lazy\" decoding=\"async\" width=\"463\" height=\"695\" data-id=\"50174\" src=\"https:\/\/answear.hr\/blog\/wp-content\/uploads\/2025\/09\/WW25-KZD038-80X_F1-463x695.avif\" alt=\"\" class=\"wp-image-50174\" srcset=\"https:\/\/answear.hr\/blog\/wp-content\/uploads\/2025\/09\/WW25-KZD038-80X_F1-463x695.avif 463w, https:\/\/answear.hr\/blog\/wp-content\/uploads\/2025\/09\/WW25-KZD038-80X_F1-768x1152.avif 768w, https:\/\/answear.hr\/blog\/wp-content\/uploads\/2025\/09\/WW25-KZD038-80X_F1-1024x1536.avif 1024w, https:\/\/answear.hr\/blog\/wp-content\/uploads\/2025\/09\/WW25-KZD038-80X_F1.avif 1084w\" sizes=\"(max-width: 463px) 100vw, 463px\" \/><\/a><\/figure>\n<\/figure>\n\n\n\n<figure class=\"wp-block-gallery has-nested-images columns-default is-cropped wp-block-gallery-17 is-layout-flex wp-block-gallery-is-layout-flex\">\n<figure class=\"wp-block-image size-large\"><a href=\"https:\/\/answear.hr\/p\/dvostrani-kozni-remen-lauren-ralph-lauren-za-zene-412912038-1381681\"><img loading=\"lazy\" decoding=\"async\" width=\"463\" height=\"695\" data-id=\"50180\" src=\"https:\/\/answear.hr\/blog\/wp-content\/uploads\/2025\/09\/AW23-PAD01R-MLB_F1-463x695.avif\" alt=\"\" class=\"wp-image-50180\" srcset=\"https:\/\/answear.hr\/blog\/wp-content\/uploads\/2025\/09\/AW23-PAD01R-MLB_F1-463x695.avif 463w, https:\/\/answear.hr\/blog\/wp-content\/uploads\/2025\/09\/AW23-PAD01R-MLB_F1-768x1152.avif 768w, https:\/\/answear.hr\/blog\/wp-content\/uploads\/2025\/09\/AW23-PAD01R-MLB_F1.avif 860w\" sizes=\"(max-width: 463px) 100vw, 463px\" \/><\/a><\/figure>\n\n\n\n<figure class=\"wp-block-image size-large\"><a href=\"https:\/\/answear.hr\/p\/kozni-remen-patrizia-pepe-za-zene-boja-zelena-8w8684-l137-1307610\"><img loading=\"lazy\" decoding=\"async\" width=\"463\" height=\"695\" data-id=\"50179\" src=\"https:\/\/answear.hr\/blog\/wp-content\/uploads\/2025\/09\/SS25-PAD00B-96X_F1-463x695.avif\" alt=\"\" class=\"wp-image-50179\" srcset=\"https:\/\/answear.hr\/blog\/wp-content\/uploads\/2025\/09\/SS25-PAD00B-96X_F1-463x695.avif 463w, https:\/\/answear.hr\/blog\/wp-content\/uploads\/2025\/09\/SS25-PAD00B-96X_F1-768x1152.avif 768w, https:\/\/answear.hr\/blog\/wp-content\/uploads\/2025\/09\/SS25-PAD00B-96X_F1-1024x1536.avif 1024w, https:\/\/answear.hr\/blog\/wp-content\/uploads\/2025\/09\/SS25-PAD00B-96X_F1.avif 1084w\" sizes=\"(max-width: 463px) 100vw, 463px\" \/><\/a><\/figure>\n\n\n\n<figure class=\"wp-block-image size-large\"><a href=\"https:\/\/answear.hr\/p\/kozne-stikle-le-silla-chanel-scarlet-boja-crvena-4294d080bxpxkab895-1258145\"><img loading=\"lazy\" decoding=\"async\" width=\"463\" height=\"695\" data-id=\"50176\" src=\"https:\/\/answear.hr\/blog\/wp-content\/uploads\/2025\/09\/SS25-OBD0SY-33X_F1-463x695.avif\" alt=\"\" class=\"wp-image-50176\" srcset=\"https:\/\/answear.hr\/blog\/wp-content\/uploads\/2025\/09\/SS25-OBD0SY-33X_F1-463x695.avif 463w, https:\/\/answear.hr\/blog\/wp-content\/uploads\/2025\/09\/SS25-OBD0SY-33X_F1-768x1152.avif 768w, https:\/\/answear.hr\/blog\/wp-content\/uploads\/2025\/09\/SS25-OBD0SY-33X_F1-1024x1536.avif 1024w, https:\/\/answear.hr\/blog\/wp-content\/uploads\/2025\/09\/SS25-OBD0SY-33X_F1.avif 1084w\" sizes=\"(max-width: 463px) 100vw, 463px\" \/><\/a><\/figure>\n\n\n\n<figure class=\"wp-block-image size-large\"><a href=\"https:\/\/answear.hr\/p\/stikle-msgm-boja-ruzicasta-3841mds180-1297649\"><img loading=\"lazy\" decoding=\"async\" width=\"463\" height=\"695\" data-id=\"50177\" src=\"https:\/\/answear.hr\/blog\/wp-content\/uploads\/2025\/09\/SS25-OBD3CR-30X_F1-463x695.avif\" alt=\"\" class=\"wp-image-50177\" srcset=\"https:\/\/answear.hr\/blog\/wp-content\/uploads\/2025\/09\/SS25-OBD3CR-30X_F1-463x695.avif 463w, https:\/\/answear.hr\/blog\/wp-content\/uploads\/2025\/09\/SS25-OBD3CR-30X_F1-768x1152.avif 768w, https:\/\/answear.hr\/blog\/wp-content\/uploads\/2025\/09\/SS25-OBD3CR-30X_F1-1024x1536.avif 1024w, https:\/\/answear.hr\/blog\/wp-content\/uploads\/2025\/09\/SS25-OBD3CR-30X_F1.avif 1084w\" sizes=\"(max-width: 463px) 100vw, 463px\" \/><\/a><\/figure>\n\n\n\n<figure class=\"wp-block-image size-large\"><a href=\"https:\/\/answear.hr\/p\/kozne-stikle-vanda-novak-peggy-boja-crna-1380808\"><img loading=\"lazy\" decoding=\"async\" width=\"463\" height=\"695\" data-id=\"50178\" src=\"https:\/\/answear.hr\/blog\/wp-content\/uploads\/2025\/09\/SS25-OBD4U8-99X_F1-463x695.webp\" alt=\"\" class=\"wp-image-50178\" srcset=\"https:\/\/answear.hr\/blog\/wp-content\/uploads\/2025\/09\/SS25-OBD4U8-99X_F1-463x695.webp 463w, https:\/\/answear.hr\/blog\/wp-content\/uploads\/2025\/09\/SS25-OBD4U8-99X_F1-768x1152.webp 768w, https:\/\/answear.hr\/blog\/wp-content\/uploads\/2025\/09\/SS25-OBD4U8-99X_F1.webp 860w\" sizes=\"(max-width: 463px) 100vw, 463px\" \/><\/a><\/figure>\n<\/figure>\n\n\n\n<p>Povratak u grad takodjer je dobro vrijeme da ulo\u017eite u ru\u010dni sat koji vam uz posao mo\u017ee biti i lijep dodatak za svakodnevne kombinacije. Za \u0161to vi\u0161e mogu\u0107nosti kombiniranja i spomenutu &#8216;hladno\u0107u i jednostavnost&#8217; ciljala bih na jednobojan metalan sat sa zanimljivim detaljem.<\/p>\n\n\n\n<figure class=\"wp-block-gallery has-nested-images columns-default is-cropped wp-block-gallery-18 is-layout-flex wp-block-gallery-is-layout-flex\">\n<figure class=\"wp-block-image size-large\"><a href=\"https:\/\/answear.hr\/p\/sat-daniel-wellington-quadro-20x26-za-zene-boja-zlatna-721857\"><img loading=\"lazy\" decoding=\"async\" width=\"461\" height=\"695\" data-id=\"50185\" src=\"https:\/\/answear.hr\/blog\/wp-content\/uploads\/2025\/09\/AA00-AKD3AS-GLD_F1-461x695.avif\" alt=\"\" class=\"wp-image-50185\" srcset=\"https:\/\/answear.hr\/blog\/wp-content\/uploads\/2025\/09\/AA00-AKD3AS-GLD_F1-461x695.avif 461w, https:\/\/answear.hr\/blog\/wp-content\/uploads\/2025\/09\/AA00-AKD3AS-GLD_F1-768x1159.avif 768w, https:\/\/answear.hr\/blog\/wp-content\/uploads\/2025\/09\/AA00-AKD3AS-GLD_F1.avif 855w\" sizes=\"(max-width: 461px) 100vw, 461px\" \/><\/a><\/figure>\n\n\n\n<figure class=\"wp-block-image size-large\"><a href=\"https:\/\/answear.hr\/p\/sat-skagen-za-zene-boja-srebrna-922941\"><img loading=\"lazy\" decoding=\"async\" width=\"461\" height=\"695\" data-id=\"50183\" src=\"https:\/\/answear.hr\/blog\/wp-content\/uploads\/2025\/09\/AA00-AKD52O-SLV_F1-461x695.avif\" alt=\"\" class=\"wp-image-50183\" srcset=\"https:\/\/answear.hr\/blog\/wp-content\/uploads\/2025\/09\/AA00-AKD52O-SLV_F1-461x695.avif 461w, https:\/\/answear.hr\/blog\/wp-content\/uploads\/2025\/09\/AA00-AKD52O-SLV_F1-768x1159.avif 768w, https:\/\/answear.hr\/blog\/wp-content\/uploads\/2025\/09\/AA00-AKD52O-SLV_F1.avif 855w\" sizes=\"(max-width: 461px) 100vw, 461px\" \/><\/a><\/figure>\n\n\n\n<figure class=\"wp-block-image size-large\"><a href=\"https:\/\/answear.hr\/p\/sat-michael-kors-gramercy-za-zene-boja-srebrna-mk7529-1338279\"><img loading=\"lazy\" decoding=\"async\" width=\"463\" height=\"695\" data-id=\"50184\" src=\"https:\/\/answear.hr\/blog\/wp-content\/uploads\/2025\/09\/AA00-AKD8W1-SLV_F1-463x695.webp\" alt=\"\" class=\"wp-image-50184\" srcset=\"https:\/\/answear.hr\/blog\/wp-content\/uploads\/2025\/09\/AA00-AKD8W1-SLV_F1-463x695.webp 463w, https:\/\/answear.hr\/blog\/wp-content\/uploads\/2025\/09\/AA00-AKD8W1-SLV_F1-768x1152.webp 768w, https:\/\/answear.hr\/blog\/wp-content\/uploads\/2025\/09\/AA00-AKD8W1-SLV_F1.webp 860w\" sizes=\"(max-width: 463px) 100vw, 463px\" \/><\/a><\/figure>\n<\/figure>\n\n\n\n<p class=\"kropka\">Naravno, ne morate se strogo drzati &#8216;pravila&#8217; za svaki look, ve\u0107 slobodno kombinirajte segmente svakog i kreirajte ono \u0161to Vama najvi\u0161e odgovara!<\/p>\n","protected":false},"excerpt":{"rendered":"<p><span class=\"rt-reading-time\" style=\"display: block;\"><span class=\"rt-label rt-prefix\">Vrijeme \u010ditanja<\/span> <span class=\"rt-time\">8<\/span> <span class=\"rt-label rt-postfix\">min<\/span><\/span> Iako kraj ljeta mnogima pada te\u0161ko i nije se lako odvojiti o morskog zraka, soli i valova, jedna od stvari koja svakako olak\u0161ava povratak u svakodnevicu i obveze su zasigurno novi komadi te mnogobrojne kombinacije koje jedva \u010dekamo nositi na jesen.<\/p>\n","protected":false},"author":54,"featured_media":50103,"comment_status":"closed","ping_status":"closed","sticky":false,"template":"","format":"standard","meta":{"footnotes":""},"categories":[23],"tags":[421,2098,2110,1428],"class_list":["post-50102","post","type-post","status-publish","format-standard","has-post-thumbnail","hentry","category-fashion","tag-answear","tag-answear-hr","tag-odjeca","tag-trend"],"yoast_head":"<!-- This site is optimized with the Yoast SEO plugin v22.0 - https:\/\/yoast.com\/wordpress\/plugins\/seo\/ -->\n<title>Top lookovi za trendy i elegantan povratak u grad - Answear modni blog<\/title>\n<meta name=\"description\" content=\"Iako kraj ljeta mnogima pada te\u0161ko i nije se lako odvojiti o morskog zraka, soli i valova, jedna od stvari koja svakako olak\u0161ava povratak u svakodnevicu i\" \/>\n<meta name=\"robots\" content=\"index, follow, max-snippet:-1, max-image-preview:large, max-video-preview:-1\" \/>\n<link rel=\"canonical\" href=\"https:\/\/answear.hr\/blog\/top-lookovi-za-trendy-i-elegantan-povratak-u-grad\/50102\/\" \/>\n<meta property=\"og:locale\" content=\"hr_HR\" \/>\n<meta property=\"og:type\" content=\"article\" \/>\n<meta property=\"og:title\" content=\"Top lookovi za trendy i elegantan povratak u grad - Answear modni blog\" \/>\n<meta property=\"og:description\" content=\"Iako kraj ljeta mnogima pada te\u0161ko i nije se lako odvojiti o morskog zraka, soli i valova, jedna od stvari koja svakako olak\u0161ava povratak u svakodnevicu i\" \/>\n<meta property=\"og:url\" content=\"https:\/\/answear.hr\/blog\/top-lookovi-za-trendy-i-elegantan-povratak-u-grad\/50102\/\" \/>\n<meta property=\"og:site_name\" content=\"Answear modni blog\" \/>\n<meta property=\"article:published_time\" content=\"2025-09-04T13:22:38+00:00\" \/>\n<meta property=\"article:modified_time\" content=\"2025-09-04T14:51:28+00:00\" \/>\n<meta property=\"og:image\" content=\"https:\/\/answear.hr\/blog\/wp-content\/uploads\/2025\/09\/1200x628_03-1.webp\" \/>\n\t<meta property=\"og:image:width\" content=\"1200\" \/>\n\t<meta property=\"og:image:height\" content=\"628\" \/>\n\t<meta property=\"og:image:type\" content=\"image\/webp\" \/>\n<meta name=\"author\" content=\"Answear\" \/>\n<meta name=\"twitter:card\" content=\"summary_large_image\" \/>\n<meta name=\"twitter:label1\" content=\"Napisao\/la\" \/>\n\t<meta name=\"twitter:data1\" content=\"Answear\" \/>\n\t<meta name=\"twitter:label2\" content=\"Procijenjeno vrijeme \u010ditanja\" \/>\n\t<meta name=\"twitter:data2\" content=\"18 minuta\" \/>\n<script type=\"application\/ld+json\" class=\"yoast-schema-graph\">{\"@context\":\"https:\/\/schema.org\",\"@graph\":[{\"@type\":\"WebPage\",\"@id\":\"https:\/\/answear.hr\/blog\/top-lookovi-za-trendy-i-elegantan-povratak-u-grad\/50102\/\",\"url\":\"https:\/\/answear.hr\/blog\/top-lookovi-za-trendy-i-elegantan-povratak-u-grad\/50102\/\",\"name\":\"Top lookovi za trendy i elegantan povratak u grad - Answear modni blog\",\"isPartOf\":{\"@id\":\"https:\/\/answear.hr\/blog\/#website\"},\"datePublished\":\"2025-09-04T13:22:38+00:00\",\"dateModified\":\"2025-09-04T14:51:28+00:00\",\"author\":{\"@id\":\"https:\/\/answear.hr\/blog\/#\/schema\/person\/c3e5a4548505af3458f00d445fd56af5\"},\"description\":\"Iako kraj ljeta mnogima pada te\u0161ko i nije se lako odvojiti o morskog zraka, soli i valova, jedna od stvari koja svakako olak\u0161ava povratak u svakodnevicu i\",\"breadcrumb\":{\"@id\":\"https:\/\/answear.hr\/blog\/top-lookovi-za-trendy-i-elegantan-povratak-u-grad\/50102\/#breadcrumb\"},\"inLanguage\":\"hr\",\"potentialAction\":[{\"@type\":\"ReadAction\",\"target\":[\"https:\/\/answear.hr\/blog\/top-lookovi-za-trendy-i-elegantan-povratak-u-grad\/50102\/\"]}]},{\"@type\":\"BreadcrumbList\",\"@id\":\"https:\/\/answear.hr\/blog\/top-lookovi-za-trendy-i-elegantan-povratak-u-grad\/50102\/#breadcrumb\",\"itemListElement\":[{\"@type\":\"ListItem\",\"position\":1,\"name\":\"Blog\",\"item\":\"https:\/\/answear.hr\/blog\/\"},{\"@type\":\"ListItem\",\"position\":2,\"name\":\"Fashion\",\"item\":\"https:\/\/answear.hr\/blog\/tematy\/fashion\/\"},{\"@type\":\"ListItem\",\"position\":3,\"name\":\"Top lookovi za trendy i elegantan povratak u grad\"}]},{\"@type\":\"WebSite\",\"@id\":\"https:\/\/answear.hr\/blog\/#website\",\"url\":\"https:\/\/answear.hr\/blog\/\",\"name\":\"Answear modni blog\",\"description\":\"Answear modni blog\",\"potentialAction\":[{\"@type\":\"SearchAction\",\"target\":{\"@type\":\"EntryPoint\",\"urlTemplate\":\"https:\/\/answear.hr\/blog\/?s={search_term_string}\"},\"query-input\":\"required name=search_term_string\"}],\"inLanguage\":\"hr\"},{\"@type\":\"Person\",\"@id\":\"https:\/\/answear.hr\/blog\/#\/schema\/person\/c3e5a4548505af3458f00d445fd56af5\",\"name\":\"Answear\",\"image\":{\"@type\":\"ImageObject\",\"inLanguage\":\"hr\",\"@id\":\"https:\/\/answear.hr\/blog\/#\/schema\/person\/image\/\",\"url\":\"https:\/\/secure.gravatar.com\/avatar\/306a3c14f59e14766168b116b825f6ee?s=96&d=mm&r=g\",\"contentUrl\":\"https:\/\/secure.gravatar.com\/avatar\/306a3c14f59e14766168b116b825f6ee?s=96&d=mm&r=g\",\"caption\":\"Answear\"},\"url\":\"https:\/\/answear.hr\/blog\/author\/martina\/\"}]}<\/script>\n<!-- \/ Yoast SEO plugin. -->","yoast_head_json":{"title":"Top lookovi za trendy i elegantan povratak u grad - Answear modni blog","description":"Iako kraj ljeta mnogima pada te\u0161ko i nije se lako odvojiti o morskog zraka, soli i valova, jedna od stvari koja svakako olak\u0161ava povratak u svakodnevicu i","robots":{"index":"index","follow":"follow","max-snippet":"max-snippet:-1","max-image-preview":"max-image-preview:large","max-video-preview":"max-video-preview:-1"},"canonical":"https:\/\/answear.hr\/blog\/top-lookovi-za-trendy-i-elegantan-povratak-u-grad\/50102\/","og_locale":"hr_HR","og_type":"article","og_title":"Top lookovi za trendy i elegantan povratak u grad - Answear modni blog","og_description":"Iako kraj ljeta mnogima pada te\u0161ko i nije se lako odvojiti o morskog zraka, soli i valova, jedna od stvari koja svakako olak\u0161ava povratak u svakodnevicu i","og_url":"https:\/\/answear.hr\/blog\/top-lookovi-za-trendy-i-elegantan-povratak-u-grad\/50102\/","og_site_name":"Answear modni blog","article_published_time":"2025-09-04T13:22:38+00:00","article_modified_time":"2025-09-04T14:51:28+00:00","og_image":[{"width":1200,"height":628,"url":"https:\/\/answear.hr\/blog\/wp-content\/uploads\/2025\/09\/1200x628_03-1.webp","type":"image\/webp"}],"author":"Answear","twitter_card":"summary_large_image","twitter_misc":{"Napisao\/la":"Answear","Procijenjeno vrijeme \u010ditanja":"18 minuta"},"schema":{"@context":"https:\/\/schema.org","@graph":[{"@type":"WebPage","@id":"https:\/\/answear.hr\/blog\/top-lookovi-za-trendy-i-elegantan-povratak-u-grad\/50102\/","url":"https:\/\/answear.hr\/blog\/top-lookovi-za-trendy-i-elegantan-povratak-u-grad\/50102\/","name":"Top lookovi za trendy i elegantan povratak u grad - Answear modni blog","isPartOf":{"@id":"https:\/\/answear.hr\/blog\/#website"},"datePublished":"2025-09-04T13:22:38+00:00","dateModified":"2025-09-04T14:51:28+00:00","author":{"@id":"https:\/\/answear.hr\/blog\/#\/schema\/person\/c3e5a4548505af3458f00d445fd56af5"},"description":"Iako kraj ljeta mnogima pada te\u0161ko i nije se lako odvojiti o morskog zraka, soli i valova, jedna od stvari koja svakako olak\u0161ava povratak u svakodnevicu i","breadcrumb":{"@id":"https:\/\/answear.hr\/blog\/top-lookovi-za-trendy-i-elegantan-povratak-u-grad\/50102\/#breadcrumb"},"inLanguage":"hr","potentialAction":[{"@type":"ReadAction","target":["https:\/\/answear.hr\/blog\/top-lookovi-za-trendy-i-elegantan-povratak-u-grad\/50102\/"]}]},{"@type":"BreadcrumbList","@id":"https:\/\/answear.hr\/blog\/top-lookovi-za-trendy-i-elegantan-povratak-u-grad\/50102\/#breadcrumb","itemListElement":[{"@type":"ListItem","position":1,"name":"Blog","item":"https:\/\/answear.hr\/blog\/"},{"@type":"ListItem","position":2,"name":"Fashion","item":"https:\/\/answear.hr\/blog\/tematy\/fashion\/"},{"@type":"ListItem","position":3,"name":"Top lookovi za trendy i elegantan povratak u grad"}]},{"@type":"WebSite","@id":"https:\/\/answear.hr\/blog\/#website","url":"https:\/\/answear.hr\/blog\/","name":"Answear modni blog","description":"Answear modni blog","potentialAction":[{"@type":"SearchAction","target":{"@type":"EntryPoint","urlTemplate":"https:\/\/answear.hr\/blog\/?s={search_term_string}"},"query-input":"required name=search_term_string"}],"inLanguage":"hr"},{"@type":"Person","@id":"https:\/\/answear.hr\/blog\/#\/schema\/person\/c3e5a4548505af3458f00d445fd56af5","name":"Answear","image":{"@type":"ImageObject","inLanguage":"hr","@id":"https:\/\/answear.hr\/blog\/#\/schema\/person\/image\/","url":"https:\/\/secure.gravatar.com\/avatar\/306a3c14f59e14766168b116b825f6ee?s=96&d=mm&r=g","contentUrl":"https:\/\/secure.gravatar.com\/avatar\/306a3c14f59e14766168b116b825f6ee?s=96&d=mm&r=g","caption":"Answear"},"url":"https:\/\/answear.hr\/blog\/author\/martina\/"}]}},"_links":{"self":[{"href":"https:\/\/answear.hr\/blog\/wp-json\/wp\/v2\/posts\/50102"}],"collection":[{"href":"https:\/\/answear.hr\/blog\/wp-json\/wp\/v2\/posts"}],"about":[{"href":"https:\/\/answear.hr\/blog\/wp-json\/wp\/v2\/types\/post"}],"author":[{"embeddable":true,"href":"https:\/\/answear.hr\/blog\/wp-json\/wp\/v2\/users\/54"}],"replies":[{"embeddable":true,"href":"https:\/\/answear.hr\/blog\/wp-json\/wp\/v2\/comments?post=50102"}],"version-history":[{"count":4,"href":"https:\/\/answear.hr\/blog\/wp-json\/wp\/v2\/posts\/50102\/revisions"}],"predecessor-version":[{"id":50188,"href":"https:\/\/answear.hr\/blog\/wp-json\/wp\/v2\/posts\/50102\/revisions\/50188"}],"wp:featuredmedia":[{"embeddable":true,"href":"https:\/\/answear.hr\/blog\/wp-json\/wp\/v2\/media\/50103"}],"wp:attachment":[{"href":"https:\/\/answear.hr\/blog\/wp-json\/wp\/v2\/media?parent=50102"}],"wp:term":[{"taxonomy":"category","embeddable":true,"href":"https:\/\/answear.hr\/blog\/wp-json\/wp\/v2\/categories?post=50102"},{"taxonomy":"post_tag","embeddable":true,"href":"https:\/\/answear.hr\/blog\/wp-json\/wp\/v2\/tags?post=50102"}],"curies":[{"name":"wp","href":"https:\/\/api.w.org\/{rel}","templated":true}]}}