{"id":50211,"date":"2025-09-19T10:57:13","date_gmt":"2025-09-19T08:57:13","guid":{"rendered":"https:\/\/answear.hr\/blog\/?p=50211"},"modified":"2025-12-03T11:37:08","modified_gmt":"2025-12-03T10:37:08","slug":"odjeni-zivot-dragocjenim-stvarima","status":"publish","type":"post","link":"https:\/\/answear.hr\/blog\/odjeni-zivot-dragocjenim-stvarima\/50211\/","title":{"rendered":"Odjeni \u017eivot dragocjenim stvarima"},"content":{"rendered":"<span class=\"rt-reading-time\" style=\"display: block;\"><span class=\"rt-label rt-prefix\">Vrijeme \u010ditanja<\/span> <span class=\"rt-time\">4<\/span> <span class=\"rt-label rt-postfix\">min<\/span><\/span><p><strong>Jesen dolazi na vrata u pravom smislu rije\u010di, te nas poziva da izvadimo svoje najdra\u017ee slojevite komade. Nekome \u0107e to biti svilena haljina koja \u0107e najmek\u0161e dotaknuti ko\u017eu, nekome vuneni pulover u kojem \u0107e se osje\u0107ati zagrljeno i sigurno. Odje\u0107a koju nosimo, nema samo primarnu funkciju, pokrivenost tijela, ve\u0107 vi\u0161e dimenzija, od kojih je meni najzanimljivija, ona psiholo\u0161ka.<\/strong><\/p>\r\n<p><br \/>Kako nam odje\u0107a oblikuje karakter, kako se osje\u0107amo u njoj, mo\u017eemo li istom popraviti ili \u010dak pokvariti svoje raspolo\u017eenje? U ovom blogu predstavila bih Vam jesenske komade i na\u010dine kombiniranja inspirirane sloganom nove Answear jesenske kampanje koja glasi \u201eOdjeni \u017eivot dragocjenim stvarima\u201d.<\/p>\r\n\r\n<p><!--more--><\/p>\r\n\r\n\r\n\r\n<p class=\"bigletter\">Smatram da pri dolasku hladnijih dana postoje dva tipa ljudi, oni koji odbijaju prihvatiti da je ljeto na izmaku i ne usre\u0107uje ih pomisao na pripremanje toplije garderobe, te oni koji jedva \u010dekaju da se napokon krenu odijevati te umotati u sve mogu\u010be slojeve. Stvari koje \u0107u predlo\u017eiti \u0107e, vjerujem, razveseliti obje skupine.<\/p>\r\n\r\n\r\n\r\n<p><br \/>Krenula bih od baznih slojeva, komada koje stavljamo prvo i zapravo postavljamo level udobnosti. Za ranu jesen, uz efektne Steve Madden \u010dizme, to mo\u017ee biti ova Twinset viskozna haljina u prekrasnoj boji vina, a ako je va\u0161 odabir dugi rukav, predla\u017eem smedju varijantu Answear LABa<\/p>\r\n\r\n\r\n\r\n<figure class=\"wp-block-gallery has-nested-images columns-default is-cropped wp-block-gallery-1 is-layout-flex wp-block-gallery-is-layout-flex\">\r\n<figure class=\"wp-block-image size-large\"><a href=\"https:\/\/answear.hr\/p\/gleznjace-steve-madden-fastened-boja-bordo-s-debelompotpeticom- 11004818-1491432\"><img loading=\"lazy\" decoding=\"async\" width=\"463\" height=\"695\" data-id=\"50216\" class=\"wp-image-50216\" src=\"https:\/\/answear.hr\/blog\/wp-content\/uploads\/2025\/12\/AW25-OBD3NK-93X_F1-463x695.webp\" alt=\"\" srcset=\"https:\/\/answear.hr\/blog\/wp-content\/uploads\/2025\/12\/AW25-OBD3NK-93X_F1-463x695.webp 463w, https:\/\/answear.hr\/blog\/wp-content\/uploads\/2025\/12\/AW25-OBD3NK-93X_F1-768x1152.webp 768w, https:\/\/answear.hr\/blog\/wp-content\/uploads\/2025\/12\/AW25-OBD3NK-93X_F1-1024x1536.webp 1024w, https:\/\/answear.hr\/blog\/wp-content\/uploads\/2025\/12\/AW25-OBD3NK-93X_F1.webp 1084w\" sizes=\"(max-width: 463px) 100vw, 463px\" \/><\/a><\/figure>\r\n\r\n\r\n\r\n<figure class=\"wp-block-image size-large\"><a href=\"https:\/\/answear.hr\/p\/haljina-answear-lab-boja-smeda-maxi-oversize-1434334\"><img loading=\"lazy\" decoding=\"async\" width=\"463\" height=\"695\" data-id=\"50217\" class=\"wp-image-50217\" src=\"https:\/\/answear.hr\/blog\/wp-content\/uploads\/2025\/12\/WA25-SUD012-84X_F1-463x695.avif\" alt=\"\" srcset=\"https:\/\/answear.hr\/blog\/wp-content\/uploads\/2025\/12\/WA25-SUD012-84X_F1-463x695.avif 463w, https:\/\/answear.hr\/blog\/wp-content\/uploads\/2025\/12\/WA25-SUD012-84X_F1-768x1152.avif 768w, https:\/\/answear.hr\/blog\/wp-content\/uploads\/2025\/12\/WA25-SUD012-84X_F1-1024x1536.avif 1024w, https:\/\/answear.hr\/blog\/wp-content\/uploads\/2025\/12\/WA25-SUD012-84X_F1.avif 1084w\" sizes=\"(max-width: 463px) 100vw, 463px\" \/><\/a><\/figure>\r\n\r\n\r\n\r\n<figure class=\"wp-block-image size-large\"><a href=\"https:\/\/answear.hr\/p\/haljina-twinset-boja-bordo-maxiravna- 252tp2480-1454231?size=38\"><img loading=\"lazy\" decoding=\"async\" width=\"463\" height=\"695\" data-id=\"50215\" class=\"wp-image-50215\" src=\"https:\/\/answear.hr\/blog\/wp-content\/uploads\/2025\/12\/AW25-SUD0WD-93X_F1-463x695.avif\" alt=\"\" srcset=\"https:\/\/answear.hr\/blog\/wp-content\/uploads\/2025\/12\/AW25-SUD0WD-93X_F1-463x695.avif 463w, https:\/\/answear.hr\/blog\/wp-content\/uploads\/2025\/12\/AW25-SUD0WD-93X_F1-768x1152.avif 768w, https:\/\/answear.hr\/blog\/wp-content\/uploads\/2025\/12\/AW25-SUD0WD-93X_F1-1024x1536.avif 1024w, https:\/\/answear.hr\/blog\/wp-content\/uploads\/2025\/12\/AW25-SUD0WD-93X_F1.avif 1084w\" sizes=\"(max-width: 463px) 100vw, 463px\" \/><\/a><\/figure>\r\n<\/figure>\r\n\r\n\r\n\r\n<p>Sve zaokru\u017eite prekrasnom ko\u017enom jaknom iz ponude Answear Laba koju \u0107ete za ovu kombinaciju lagano prebaciti, dok se u hladnijim danima mo\u017eete poslu\u017eiti pripradaju\u0107im remenom, te opasati struk uz primjerice hla\u010de od odijela za odlazak u ured. Dodatni naputak, ako volite boxy i oversized fit, slobodno idite dvije veli\u010dine vi\u0161e od svoje uobi\u010dajene.<\/p>\r\n\r\n\r\n\r\n<figure class=\"wp-block-gallery has-nested-images columns-default is-cropped wp-block-gallery-2 is-layout-flex wp-block-gallery-is-layout-flex\">\r\n<figure class=\"wp-block-image size-large\"><a href=\"https:\/\/answear.hr\/p\/hlace-s-dodatkom-vune-filippa-k-boja-smeda-siroke-visoki-struk-32511-1533386\"><img loading=\"lazy\" decoding=\"async\" width=\"463\" height=\"695\" data-id=\"50218\" class=\"wp-image-50218\" src=\"https:\/\/answear.hr\/blog\/wp-content\/uploads\/2025\/12\/AW25-SPD14Y-83X_F1-463x695.avif\" alt=\"\" srcset=\"https:\/\/answear.hr\/blog\/wp-content\/uploads\/2025\/12\/AW25-SPD14Y-83X_F1-463x695.avif 463w, https:\/\/answear.hr\/blog\/wp-content\/uploads\/2025\/12\/AW25-SPD14Y-83X_F1-768x1152.avif 768w, https:\/\/answear.hr\/blog\/wp-content\/uploads\/2025\/12\/AW25-SPD14Y-83X_F1-1024x1536.avif 1024w, https:\/\/answear.hr\/blog\/wp-content\/uploads\/2025\/12\/AW25-SPD14Y-83X_F1.avif 1084w\" sizes=\"(max-width: 463px) 100vw, 463px\" \/><\/a><\/figure>\r\n\r\n\r\n\r\n<figure class=\"wp-block-image size-large\"><a href=\"https:\/\/answear.hr\/p\/rokerica-answear-lab-boja-bordo-za-prijelazno-razdoblje-1434314\"><img loading=\"lazy\" decoding=\"async\" width=\"463\" height=\"695\" data-id=\"50219\" class=\"wp-image-50219\" src=\"https:\/\/answear.hr\/blog\/wp-content\/uploads\/2025\/12\/WA25-MKD028-83X_F1-463x695.avif\" alt=\"\" srcset=\"https:\/\/answear.hr\/blog\/wp-content\/uploads\/2025\/12\/WA25-MKD028-83X_F1-463x695.avif 463w, https:\/\/answear.hr\/blog\/wp-content\/uploads\/2025\/12\/WA25-MKD028-83X_F1-768x1152.avif 768w, https:\/\/answear.hr\/blog\/wp-content\/uploads\/2025\/12\/WA25-MKD028-83X_F1-1024x1536.avif 1024w, https:\/\/answear.hr\/blog\/wp-content\/uploads\/2025\/12\/WA25-MKD028-83X_F1.avif 1084w\" sizes=\"(max-width: 463px) 100vw, 463px\" \/><\/a><\/figure>\r\n<\/figure>\r\n\r\n\r\n\r\n<p>Jesen je uvijek savr\u0161eno vrijeme za investiciju u torbu za svaki dan, dovoljno veliku da sve stane, ne preglomaznu, u tamnijoj nijansi, koja \u0107e biti akcent svakog nadolaze\u0107eg looka. Jedna komponenta torbe o kojoj mo\u017eda ne razmi\u0161ljamo na prvu je tekstura, odnosno \u0161to osje\u0107amo kada posegnemo za svojom torbom, dodirnemo ru\u010dke, povla\u010dimo otvara\u010d sto puta dnevno, odmaramo ruke na njoj u vo\u017enji tramvajem. Mojih par favorita su iz ponude brenda Yuzefi, od sjajne teksturirane ko\u017ee s uzorkom do bogate \u010dokoladne nijanse u bru\u0161enoj varijanti, birajte po svojem osje\u0107aju i karakteru.<\/p>\r\n\r\n\r\n\r\n<figure class=\"wp-block-gallery has-nested-images columns-default is-cropped wp-block-gallery-3 is-layout-flex wp-block-gallery-is-layout-flex\">\r\n<figure class=\"wp-block-image size-large\"><a href=\"https:\/\/answear.hr\/p\/torba-od-brusene-koze-yuzefi-brioche-duffle-boja-smeda-yuzpf25-hb-bd-s004-1473545?size=ONE\"><img loading=\"lazy\" decoding=\"async\" width=\"463\" height=\"695\" data-id=\"50221\" class=\"wp-image-50221\" src=\"https:\/\/answear.hr\/blog\/wp-content\/uploads\/2025\/12\/AW25-TOD02W-89X_F1-463x695.avif\" alt=\"\" srcset=\"https:\/\/answear.hr\/blog\/wp-content\/uploads\/2025\/12\/AW25-TOD02W-89X_F1-463x695.avif 463w, https:\/\/answear.hr\/blog\/wp-content\/uploads\/2025\/12\/AW25-TOD02W-89X_F1-768x1152.avif 768w, https:\/\/answear.hr\/blog\/wp-content\/uploads\/2025\/12\/AW25-TOD02W-89X_F1-1024x1536.avif 1024w, https:\/\/answear.hr\/blog\/wp-content\/uploads\/2025\/12\/AW25-TOD02W-89X_F1.avif 1084w\" sizes=\"(max-width: 463px) 100vw, 463px\" \/><\/a><\/figure>\r\n\r\n\r\n\r\n<figure class=\"wp-block-image size-large\"><a href=\"https:\/\/answear.hr\/p\/torba-yuzefi-mochi-boja-smeda-yuzco-hb-mo-l038-1300498?size=ONE\"><img loading=\"lazy\" decoding=\"async\" width=\"463\" height=\"695\" data-id=\"50220\" class=\"wp-image-50220\" src=\"https:\/\/answear.hr\/blog\/wp-content\/uploads\/2025\/12\/SS25-TOD010-89X_F1-463x695.avif\" alt=\"\" srcset=\"https:\/\/answear.hr\/blog\/wp-content\/uploads\/2025\/12\/SS25-TOD010-89X_F1-463x695.avif 463w, https:\/\/answear.hr\/blog\/wp-content\/uploads\/2025\/12\/SS25-TOD010-89X_F1-768x1152.avif 768w, https:\/\/answear.hr\/blog\/wp-content\/uploads\/2025\/12\/SS25-TOD010-89X_F1-1024x1536.avif 1024w, https:\/\/answear.hr\/blog\/wp-content\/uploads\/2025\/12\/SS25-TOD010-89X_F1.avif 1084w\" sizes=\"(max-width: 463px) 100vw, 463px\" \/><\/a><\/figure>\r\n<\/figure>\r\n\r\n\r\n\r\n<p>Medusloj \u0107e svakako biti jesenski staple piece, pulover! Od prozirnih laganijih varijanti, do gusto tkanih, te verzija sa kop\u010danjem i zatvara\u010dima birajte komade sa udjelom vune ili alpake za maksimalnu udobnost na<br \/>ko\u017ei.<\/p>\r\n\r\n\r\n\r\n<figure class=\"wp-block-gallery has-nested-images columns-default is-cropped wp-block-gallery-4 is-layout-flex wp-block-gallery-is-layout-flex\">\r\n<figure class=\"wp-block-image size-large\"><a href=\"https:\/\/answear.hr\/p\/pulover-s-dodatkom-vune-answear-lab-za-zene-boja-smeda-topli-1258826\"><img loading=\"lazy\" decoding=\"async\" width=\"463\" height=\"695\" data-id=\"50223\" class=\"wp-image-50223\" src=\"https:\/\/answear.hr\/blog\/wp-content\/uploads\/2025\/12\/WW25-SWD036-88X_F1-463x695.avif\" alt=\"\" srcset=\"https:\/\/answear.hr\/blog\/wp-content\/uploads\/2025\/12\/WW25-SWD036-88X_F1-463x695.avif 463w, https:\/\/answear.hr\/blog\/wp-content\/uploads\/2025\/12\/WW25-SWD036-88X_F1-768x1152.avif 768w, https:\/\/answear.hr\/blog\/wp-content\/uploads\/2025\/12\/WW25-SWD036-88X_F1-1024x1536.avif 1024w, https:\/\/answear.hr\/blog\/wp-content\/uploads\/2025\/12\/WW25-SWD036-88X_F1.avif 1084w\" sizes=\"(max-width: 463px) 100vw, 463px\" \/><\/a><\/figure>\r\n\r\n\r\n\r\n<figure class=\"wp-block-image size-large\"><a href=\"https:\/\/answear.hr\/p\/pulover-s-dodatkom-vune-barbour-robyn-boja-smeda-tople-lkn1675-1455808?size=40\"><img loading=\"lazy\" decoding=\"async\" width=\"463\" height=\"695\" data-id=\"50224\" class=\"wp-image-50224\" src=\"https:\/\/answear.hr\/blog\/wp-content\/uploads\/2025\/12\/AW25-SWD112-88X_F1-463x695.avif\" alt=\"\" srcset=\"https:\/\/answear.hr\/blog\/wp-content\/uploads\/2025\/12\/AW25-SWD112-88X_F1-463x695.avif 463w, https:\/\/answear.hr\/blog\/wp-content\/uploads\/2025\/12\/AW25-SWD112-88X_F1-768x1152.avif 768w, https:\/\/answear.hr\/blog\/wp-content\/uploads\/2025\/12\/AW25-SWD112-88X_F1-1024x1536.avif 1024w, https:\/\/answear.hr\/blog\/wp-content\/uploads\/2025\/12\/AW25-SWD112-88X_F1.avif 1084w\" sizes=\"(max-width: 463px) 100vw, 463px\" \/><\/a><\/figure>\r\n\r\n\r\n\r\n<figure class=\"wp-block-image size-large\"><a href=\"https:\/\/answear.hr\/p\/vuneni-kardigan-gestuz-boja-bez-10910789-1429646?size=L\"><img loading=\"lazy\" decoding=\"async\" width=\"463\" height=\"695\" data-id=\"50222\" class=\"wp-image-50222\" src=\"https:\/\/answear.hr\/blog\/wp-content\/uploads\/2025\/12\/AW25-SWD05S-80X_F1-463x695.avif\" alt=\"\" srcset=\"https:\/\/answear.hr\/blog\/wp-content\/uploads\/2025\/12\/AW25-SWD05S-80X_F1-463x695.avif 463w, https:\/\/answear.hr\/blog\/wp-content\/uploads\/2025\/12\/AW25-SWD05S-80X_F1-768x1152.avif 768w, https:\/\/answear.hr\/blog\/wp-content\/uploads\/2025\/12\/AW25-SWD05S-80X_F1-1024x1536.avif 1024w, https:\/\/answear.hr\/blog\/wp-content\/uploads\/2025\/12\/AW25-SWD05S-80X_F1.avif 1084w\" sizes=\"(max-width: 463px) 100vw, 463px\" \/><\/a><\/figure>\r\n<\/figure>\r\n\r\n\r\n\r\n<p>Vuna i bru\u0161ena ko\u017ea nisu ni\u0161ta manje lijepi u mu\u0161koj garderobi te je ovo savr\u0161ena prilika za uklju\u010divanje tih divnih tekstura u svakodnevne kombinacije. U hladnijim periodima jakne i kaputi su zapravo na\u0161 look, tako da nije lo\u0161e odabrati kvalitetan komad s pomakom u boji, obliku i sl.kako bi ostavili ja\u010di<br \/>vizualni pe\u010dat svom izgledu.<\/p>\r\n\r\n\r\n\r\n<p>Za one koji bi i dalje nosili mekaniju teksturu, ali u vunenoj varijnati, predla\u017eem krasnu mornarsko plavu jaknu iz kolaboracije <a href=\"https:\/\/answear.hr\/p\/vunena-jakna-boss-beckham-x-boss-boja-tamno-plava-za-prijelazno-razdoblje-50555817-1470137\">Beckham &amp; BOSSa.<\/a><\/p>\r\n\r\n\r\n\r\n<p>Ako vas \u010dekaju sastanci, domjenci ili situacije u kojima bi voljeli imati super odijelo za kombiniranje s ostalim komadima, predla\u017eem Paul Smith vuneno odijelo u tamno smedjoj boji, \u010dije \u0107e hla\u010de, odvojeno od sakoa, takodjer super funkcionirati sa raznim puloverima i majicama.<\/p>\r\n\r\n\r\n\r\n<figure class=\"wp-block-gallery has-nested-images columns-default is-cropped wp-block-gallery-5 is-layout-flex wp-block-gallery-is-layout-flex\">\r\n<figure class=\"wp-block-image size-large\"><a href=\"https:\/\/answear.hr\/p\/kozne-gleznjace-blundstone-585-za-zene-boja-smeda-338933\"><img loading=\"lazy\" decoding=\"async\" width=\"461\" height=\"695\" data-id=\"50225\" class=\"wp-image-50225\" src=\"https:\/\/answear.hr\/blog\/wp-content\/uploads\/2025\/12\/ZW21-OBD00C_88X_F1-461x695.avif\" alt=\"\" srcset=\"https:\/\/answear.hr\/blog\/wp-content\/uploads\/2025\/12\/ZW21-OBD00C_88X_F1-461x695.avif 461w, https:\/\/answear.hr\/blog\/wp-content\/uploads\/2025\/12\/ZW21-OBD00C_88X_F1-768x1159.avif 768w, https:\/\/answear.hr\/blog\/wp-content\/uploads\/2025\/12\/ZW21-OBD00C_88X_F1.avif 855w\" sizes=\"(max-width: 461px) 100vw, 461px\" \/><\/a><\/figure>\r\n\r\n\r\n\r\n<figure class=\"wp-block-image size-large\"><a href=\"https:\/\/answear.hr\/p\/kozne-cipele-boss-julyo-boja-smeda-50552570-1492309\"><img loading=\"lazy\" decoding=\"async\" width=\"463\" height=\"695\" data-id=\"50226\" class=\"wp-image-50226\" src=\"https:\/\/answear.hr\/blog\/wp-content\/uploads\/2025\/12\/AW25-OBM1RE-89X_F1-463x695.webp\" alt=\"\" srcset=\"https:\/\/answear.hr\/blog\/wp-content\/uploads\/2025\/12\/AW25-OBM1RE-89X_F1-463x695.webp 463w, https:\/\/answear.hr\/blog\/wp-content\/uploads\/2025\/12\/AW25-OBM1RE-89X_F1-768x1152.webp 768w, https:\/\/answear.hr\/blog\/wp-content\/uploads\/2025\/12\/AW25-OBM1RE-89X_F1-1024x1536.webp 1024w, https:\/\/answear.hr\/blog\/wp-content\/uploads\/2025\/12\/AW25-OBM1RE-89X_F1.webp 1084w\" sizes=\"(max-width: 463px) 100vw, 463px\" \/><\/a><\/figure>\r\n\r\n\r\n\r\n<figure class=\"wp-block-image size-large\"><a href=\"https:\/\/answear.hr\/p\/pamucni-pulover-calvin-klein-jeans-za-muskarce-boja-smeda-lv04rd314g-1454675\"><img loading=\"lazy\" decoding=\"async\" width=\"463\" height=\"695\" data-id=\"50229\" class=\"wp-image-50229\" src=\"https:\/\/answear.hr\/blog\/wp-content\/uploads\/2025\/12\/AW25-SWM0BH-88X_F1-463x695.avif\" alt=\"\" srcset=\"https:\/\/answear.hr\/blog\/wp-content\/uploads\/2025\/12\/AW25-SWM0BH-88X_F1-463x695.avif 463w, https:\/\/answear.hr\/blog\/wp-content\/uploads\/2025\/12\/AW25-SWM0BH-88X_F1-768x1152.avif 768w, https:\/\/answear.hr\/blog\/wp-content\/uploads\/2025\/12\/AW25-SWM0BH-88X_F1-1024x1536.avif 1024w, https:\/\/answear.hr\/blog\/wp-content\/uploads\/2025\/12\/AW25-SWM0BH-88X_F1.avif 1084w\" sizes=\"(max-width: 463px) 100vw, 463px\" \/><\/a><\/figure>\r\n\r\n\r\n\r\n<figure class=\"wp-block-image size-large\"><a href=\"https:\/\/answear.hr\/p\/vuneni-pulover-karl-lagerfeld-za-muskarce-boja-siva-lagane-553399-655002-1463251\"><img loading=\"lazy\" decoding=\"async\" width=\"463\" height=\"695\" data-id=\"50227\" class=\"wp-image-50227\" src=\"https:\/\/answear.hr\/blog\/wp-content\/uploads\/2025\/12\/AW25-SWM01K-90X_F1-463x695.avif\" alt=\"\" srcset=\"https:\/\/answear.hr\/blog\/wp-content\/uploads\/2025\/12\/AW25-SWM01K-90X_F1-463x695.avif 463w, https:\/\/answear.hr\/blog\/wp-content\/uploads\/2025\/12\/AW25-SWM01K-90X_F1-768x1152.avif 768w, https:\/\/answear.hr\/blog\/wp-content\/uploads\/2025\/12\/AW25-SWM01K-90X_F1-1024x1536.avif 1024w, https:\/\/answear.hr\/blog\/wp-content\/uploads\/2025\/12\/AW25-SWM01K-90X_F1.avif 1084w\" sizes=\"(max-width: 463px) 100vw, 463px\" \/><\/a><\/figure>\r\n\r\n\r\n\r\n<figure class=\"wp-block-image size-large\"><a href=\"https:\/\/answear.hr\/p\/pulover-s-dodatkom-vune-allsaints-aspen-boja-siva-s-poludolcevitom-m090kb-1477082\"><img loading=\"lazy\" decoding=\"async\" width=\"463\" height=\"695\" data-id=\"50228\" class=\"wp-image-50228\" src=\"https:\/\/answear.hr\/blog\/wp-content\/uploads\/2025\/12\/SS25-SWM00U-89X_F1-463x695.webp\" alt=\"\" srcset=\"https:\/\/answear.hr\/blog\/wp-content\/uploads\/2025\/12\/SS25-SWM00U-89X_F1-463x695.webp 463w, https:\/\/answear.hr\/blog\/wp-content\/uploads\/2025\/12\/SS25-SWM00U-89X_F1-768x1152.webp 768w, https:\/\/answear.hr\/blog\/wp-content\/uploads\/2025\/12\/SS25-SWM00U-89X_F1.webp 860w\" sizes=\"(max-width: 463px) 100vw, 463px\" \/><\/a><\/figure>\r\n\r\n\r\n\r\n<figure class=\"wp-block-image size-large\"><a href=\"https:\/\/answear.hr\/p\/vuneno-odijelo-paul-smith-boja-smeda-bez-uzorka-m1r-1457-m00001-1367048?size=42%2F52\"><img loading=\"lazy\" decoding=\"async\" width=\"461\" height=\"695\" data-id=\"50230\" class=\"wp-image-50230\" src=\"https:\/\/answear.hr\/blog\/wp-content\/uploads\/2025\/12\/AW24-KZM01C-89X_F1-461x695.avif\" alt=\"\" srcset=\"https:\/\/answear.hr\/blog\/wp-content\/uploads\/2025\/12\/AW24-KZM01C-89X_F1-461x695.avif 461w, https:\/\/answear.hr\/blog\/wp-content\/uploads\/2025\/12\/AW24-KZM01C-89X_F1-768x1159.avif 768w, https:\/\/answear.hr\/blog\/wp-content\/uploads\/2025\/12\/AW24-KZM01C-89X_F1.avif 855w\" sizes=\"(max-width: 461px) 100vw, 461px\" \/><\/a><\/figure>\r\n<\/figure>\r\n\r\n\r\n\r\n<p>Udobnost po\u010dinje kod ku\u0107e, tako da nemojte zanemariti kvalitetnu udobnu pidzamu, koju uvijek mo\u017eete razmijeniti kao dar.<\/p>\r\n\r\n\r\n\r\n<p class=\"kropka\">Neka ovo bude jesen u kojoj pa\u017eljivo biramo materijale te investiramo u sve segmente svojeg no\u0161enja odje\u0107e, od primarne udobnosti do atmosfere kojom zra\u010dimo!<\/p>\r\n","protected":false},"excerpt":{"rendered":"<p><span class=\"rt-reading-time\" style=\"display: block;\"><span class=\"rt-label rt-prefix\">Vrijeme \u010ditanja<\/span> <span class=\"rt-time\">4<\/span> <span class=\"rt-label rt-postfix\">min<\/span><\/span> Jesen dolazi na vrata u pravom smislu rije\u010di, te nas poziva da izvadimo svoje najdra\u017ee slojevite komade. Nekome \u0107e to biti svilena haljina koja \u0107e najmek\u0161e dotaknuti ko\u017eu, nekome vuneni pulover u kojem \u0107e se osje\u0107ati zagrljeno i sigurno. Odje\u0107a koju nosimo, nema samo primarnu funkciju, pokrivenost tijela, ve\u0107 vi\u0161e dimenzija, od kojih je meni &hellip; <a href=\"https:\/\/answear.hr\/blog\/odjeni-zivot-dragocjenim-stvarima\/50211\/\" class=\"more-link\">Nastavi \u010ditati <span class=\"screen-reader-text\">Odjeni \u017eivot dragocjenim stvarima<\/span><\/a><\/p>\n","protected":false},"author":54,"featured_media":50212,"comment_status":"closed","ping_status":"closed","sticky":false,"template":"","format":"standard","meta":{"footnotes":""},"categories":[223],"tags":[],"class_list":["post-50211","post","type-post","status-publish","format-standard","has-post-thumbnail","hentry","category-living-room"],"yoast_head":"<!-- This site is optimized with the Yoast SEO plugin v22.0 - https:\/\/yoast.com\/wordpress\/plugins\/seo\/ -->\n<title>Odjeni \u017eivot dragocjenim stvarima - Answear modni blog<\/title>\n<meta name=\"description\" content=\"Jesen dolazi na vrata u pravom smislu rije\u010di, te nas poziva da izvadimo svoje najdra\u017ee slojevite komade. Nekome \u0107e to biti svilena haljina koja \u0107e\" \/>\n<meta name=\"robots\" content=\"index, follow, max-snippet:-1, max-image-preview:large, max-video-preview:-1\" \/>\n<link rel=\"canonical\" href=\"https:\/\/answear.hr\/blog\/odjeni-zivot-dragocjenim-stvarima\/50211\/\" \/>\n<meta property=\"og:locale\" content=\"hr_HR\" \/>\n<meta property=\"og:type\" content=\"article\" \/>\n<meta property=\"og:title\" content=\"Odjeni \u017eivot dragocjenim stvarima - Answear modni blog\" \/>\n<meta property=\"og:description\" content=\"Jesen dolazi na vrata u pravom smislu rije\u010di, te nas poziva da izvadimo svoje najdra\u017ee slojevite komade. Nekome \u0107e to biti svilena haljina koja \u0107e\" \/>\n<meta property=\"og:url\" content=\"https:\/\/answear.hr\/blog\/odjeni-zivot-dragocjenim-stvarima\/50211\/\" \/>\n<meta property=\"og:site_name\" content=\"Answear modni blog\" \/>\n<meta property=\"article:published_time\" content=\"2025-09-19T08:57:13+00:00\" \/>\n<meta property=\"article:modified_time\" content=\"2025-12-03T10:37:08+00:00\" \/>\n<meta property=\"og:image\" content=\"https:\/\/answear.hr\/blog\/wp-content\/uploads\/2025\/12\/cover-9-1680x680-1.webp\" \/>\n\t<meta property=\"og:image:width\" content=\"1680\" \/>\n\t<meta property=\"og:image:height\" content=\"680\" \/>\n\t<meta property=\"og:image:type\" content=\"image\/webp\" \/>\n<meta name=\"author\" content=\"Answear\" \/>\n<meta name=\"twitter:card\" content=\"summary_large_image\" \/>\n<meta name=\"twitter:label1\" content=\"Napisao\/la\" \/>\n\t<meta name=\"twitter:data1\" content=\"Answear\" \/>\n\t<meta name=\"twitter:label2\" content=\"Procijenjeno vrijeme \u010ditanja\" \/>\n\t<meta name=\"twitter:data2\" content=\"7 minuta\" \/>\n<script type=\"application\/ld+json\" class=\"yoast-schema-graph\">{\"@context\":\"https:\/\/schema.org\",\"@graph\":[{\"@type\":\"WebPage\",\"@id\":\"https:\/\/answear.hr\/blog\/odjeni-zivot-dragocjenim-stvarima\/50211\/\",\"url\":\"https:\/\/answear.hr\/blog\/odjeni-zivot-dragocjenim-stvarima\/50211\/\",\"name\":\"Odjeni \u017eivot dragocjenim stvarima - Answear modni blog\",\"isPartOf\":{\"@id\":\"https:\/\/answear.hr\/blog\/#website\"},\"datePublished\":\"2025-09-19T08:57:13+00:00\",\"dateModified\":\"2025-12-03T10:37:08+00:00\",\"author\":{\"@id\":\"https:\/\/answear.hr\/blog\/#\/schema\/person\/c3e5a4548505af3458f00d445fd56af5\"},\"description\":\"Jesen dolazi na vrata u pravom smislu rije\u010di, te nas poziva da izvadimo svoje najdra\u017ee slojevite komade. Nekome \u0107e to biti svilena haljina koja \u0107e\",\"breadcrumb\":{\"@id\":\"https:\/\/answear.hr\/blog\/odjeni-zivot-dragocjenim-stvarima\/50211\/#breadcrumb\"},\"inLanguage\":\"hr\",\"potentialAction\":[{\"@type\":\"ReadAction\",\"target\":[\"https:\/\/answear.hr\/blog\/odjeni-zivot-dragocjenim-stvarima\/50211\/\"]}]},{\"@type\":\"BreadcrumbList\",\"@id\":\"https:\/\/answear.hr\/blog\/odjeni-zivot-dragocjenim-stvarima\/50211\/#breadcrumb\",\"itemListElement\":[{\"@type\":\"ListItem\",\"position\":1,\"name\":\"Blog\",\"item\":\"https:\/\/answear.hr\/blog\/\"},{\"@type\":\"ListItem\",\"position\":2,\"name\":\"Living Room\",\"item\":\"https:\/\/answear.hr\/blog\/tematy\/living-room\/\"},{\"@type\":\"ListItem\",\"position\":3,\"name\":\"Odjeni \u017eivot dragocjenim stvarima\"}]},{\"@type\":\"WebSite\",\"@id\":\"https:\/\/answear.hr\/blog\/#website\",\"url\":\"https:\/\/answear.hr\/blog\/\",\"name\":\"Answear modni blog\",\"description\":\"Answear modni blog\",\"potentialAction\":[{\"@type\":\"SearchAction\",\"target\":{\"@type\":\"EntryPoint\",\"urlTemplate\":\"https:\/\/answear.hr\/blog\/?s={search_term_string}\"},\"query-input\":\"required name=search_term_string\"}],\"inLanguage\":\"hr\"},{\"@type\":\"Person\",\"@id\":\"https:\/\/answear.hr\/blog\/#\/schema\/person\/c3e5a4548505af3458f00d445fd56af5\",\"name\":\"Answear\",\"image\":{\"@type\":\"ImageObject\",\"inLanguage\":\"hr\",\"@id\":\"https:\/\/answear.hr\/blog\/#\/schema\/person\/image\/\",\"url\":\"https:\/\/secure.gravatar.com\/avatar\/306a3c14f59e14766168b116b825f6ee?s=96&d=mm&r=g\",\"contentUrl\":\"https:\/\/secure.gravatar.com\/avatar\/306a3c14f59e14766168b116b825f6ee?s=96&d=mm&r=g\",\"caption\":\"Answear\"},\"url\":\"https:\/\/answear.hr\/blog\/author\/martina\/\"}]}<\/script>\n<!-- \/ Yoast SEO plugin. -->","yoast_head_json":{"title":"Odjeni \u017eivot dragocjenim stvarima - Answear modni blog","description":"Jesen dolazi na vrata u pravom smislu rije\u010di, te nas poziva da izvadimo svoje najdra\u017ee slojevite komade. Nekome \u0107e to biti svilena haljina koja \u0107e","robots":{"index":"index","follow":"follow","max-snippet":"max-snippet:-1","max-image-preview":"max-image-preview:large","max-video-preview":"max-video-preview:-1"},"canonical":"https:\/\/answear.hr\/blog\/odjeni-zivot-dragocjenim-stvarima\/50211\/","og_locale":"hr_HR","og_type":"article","og_title":"Odjeni \u017eivot dragocjenim stvarima - Answear modni blog","og_description":"Jesen dolazi na vrata u pravom smislu rije\u010di, te nas poziva da izvadimo svoje najdra\u017ee slojevite komade. Nekome \u0107e to biti svilena haljina koja \u0107e","og_url":"https:\/\/answear.hr\/blog\/odjeni-zivot-dragocjenim-stvarima\/50211\/","og_site_name":"Answear modni blog","article_published_time":"2025-09-19T08:57:13+00:00","article_modified_time":"2025-12-03T10:37:08+00:00","og_image":[{"width":1680,"height":680,"url":"https:\/\/answear.hr\/blog\/wp-content\/uploads\/2025\/12\/cover-9-1680x680-1.webp","type":"image\/webp"}],"author":"Answear","twitter_card":"summary_large_image","twitter_misc":{"Napisao\/la":"Answear","Procijenjeno vrijeme \u010ditanja":"7 minuta"},"schema":{"@context":"https:\/\/schema.org","@graph":[{"@type":"WebPage","@id":"https:\/\/answear.hr\/blog\/odjeni-zivot-dragocjenim-stvarima\/50211\/","url":"https:\/\/answear.hr\/blog\/odjeni-zivot-dragocjenim-stvarima\/50211\/","name":"Odjeni \u017eivot dragocjenim stvarima - Answear modni blog","isPartOf":{"@id":"https:\/\/answear.hr\/blog\/#website"},"datePublished":"2025-09-19T08:57:13+00:00","dateModified":"2025-12-03T10:37:08+00:00","author":{"@id":"https:\/\/answear.hr\/blog\/#\/schema\/person\/c3e5a4548505af3458f00d445fd56af5"},"description":"Jesen dolazi na vrata u pravom smislu rije\u010di, te nas poziva da izvadimo svoje najdra\u017ee slojevite komade. Nekome \u0107e to biti svilena haljina koja \u0107e","breadcrumb":{"@id":"https:\/\/answear.hr\/blog\/odjeni-zivot-dragocjenim-stvarima\/50211\/#breadcrumb"},"inLanguage":"hr","potentialAction":[{"@type":"ReadAction","target":["https:\/\/answear.hr\/blog\/odjeni-zivot-dragocjenim-stvarima\/50211\/"]}]},{"@type":"BreadcrumbList","@id":"https:\/\/answear.hr\/blog\/odjeni-zivot-dragocjenim-stvarima\/50211\/#breadcrumb","itemListElement":[{"@type":"ListItem","position":1,"name":"Blog","item":"https:\/\/answear.hr\/blog\/"},{"@type":"ListItem","position":2,"name":"Living Room","item":"https:\/\/answear.hr\/blog\/tematy\/living-room\/"},{"@type":"ListItem","position":3,"name":"Odjeni \u017eivot dragocjenim stvarima"}]},{"@type":"WebSite","@id":"https:\/\/answear.hr\/blog\/#website","url":"https:\/\/answear.hr\/blog\/","name":"Answear modni blog","description":"Answear modni blog","potentialAction":[{"@type":"SearchAction","target":{"@type":"EntryPoint","urlTemplate":"https:\/\/answear.hr\/blog\/?s={search_term_string}"},"query-input":"required name=search_term_string"}],"inLanguage":"hr"},{"@type":"Person","@id":"https:\/\/answear.hr\/blog\/#\/schema\/person\/c3e5a4548505af3458f00d445fd56af5","name":"Answear","image":{"@type":"ImageObject","inLanguage":"hr","@id":"https:\/\/answear.hr\/blog\/#\/schema\/person\/image\/","url":"https:\/\/secure.gravatar.com\/avatar\/306a3c14f59e14766168b116b825f6ee?s=96&d=mm&r=g","contentUrl":"https:\/\/secure.gravatar.com\/avatar\/306a3c14f59e14766168b116b825f6ee?s=96&d=mm&r=g","caption":"Answear"},"url":"https:\/\/answear.hr\/blog\/author\/martina\/"}]}},"_links":{"self":[{"href":"https:\/\/answear.hr\/blog\/wp-json\/wp\/v2\/posts\/50211"}],"collection":[{"href":"https:\/\/answear.hr\/blog\/wp-json\/wp\/v2\/posts"}],"about":[{"href":"https:\/\/answear.hr\/blog\/wp-json\/wp\/v2\/types\/post"}],"author":[{"embeddable":true,"href":"https:\/\/answear.hr\/blog\/wp-json\/wp\/v2\/users\/54"}],"replies":[{"embeddable":true,"href":"https:\/\/answear.hr\/blog\/wp-json\/wp\/v2\/comments?post=50211"}],"version-history":[{"count":4,"href":"https:\/\/answear.hr\/blog\/wp-json\/wp\/v2\/posts\/50211\/revisions"}],"predecessor-version":[{"id":50234,"href":"https:\/\/answear.hr\/blog\/wp-json\/wp\/v2\/posts\/50211\/revisions\/50234"}],"wp:featuredmedia":[{"embeddable":true,"href":"https:\/\/answear.hr\/blog\/wp-json\/wp\/v2\/media\/50212"}],"wp:attachment":[{"href":"https:\/\/answear.hr\/blog\/wp-json\/wp\/v2\/media?parent=50211"}],"wp:term":[{"taxonomy":"category","embeddable":true,"href":"https:\/\/answear.hr\/blog\/wp-json\/wp\/v2\/categories?post=50211"},{"taxonomy":"post_tag","embeddable":true,"href":"https:\/\/answear.hr\/blog\/wp-json\/wp\/v2\/tags?post=50211"}],"curies":[{"name":"wp","href":"https:\/\/api.w.org\/{rel}","templated":true}]}}