{"id":50235,"date":"2025-11-18T11:37:40","date_gmt":"2025-11-18T10:37:40","guid":{"rendered":"https:\/\/answear.hr\/blog\/?p=50235"},"modified":"2025-12-03T11:58:24","modified_gmt":"2025-12-03T10:58:24","slug":"najbolji-ulovi-s-answear-hr-a-za-black-friday","status":"publish","type":"post","link":"https:\/\/answear.hr\/blog\/najbolji-ulovi-s-answear-hr-a-za-black-friday\/50235\/","title":{"rendered":"Najbolji ulovi s answear.hr-a za Black Friday"},"content":{"rendered":"<span class=\"rt-reading-time\" style=\"display: block;\"><span class=\"rt-label rt-prefix\">Vrijeme \u010ditanja<\/span> <span class=\"rt-time\">4<\/span> <span class=\"rt-label rt-postfix\">min<\/span><\/span><p><strong>S novim valom zahladjenja, popusti za Black Friday dolaze kao naru\u010deni. Ako se ranije niste opremili kaputima, bucama te ostalim toplim dodacima, sada je pravo vrijeme!<\/strong><\/p>\n\n\n<!--more-->\n\n\n\n<p class=\"bigletter\">Krenula bih sa outerwearom iz jednostavnog razloga, a taj je, da u zimske dane, on zapravo \u010dini ili nosi cijeli look. Shodno tome, po\u017eeljno ga je birati u nijansama i uzorcima koje \u0107ete lako nositi svaki dan, a opet \u0107e posebnijim teksturom ili krojem, biti statement komad va\u0161e garderobe.<\/p>\n\n\n\n<p><br>Jedan od mojih omiljenih brendova u sferi umjetnog krzna godinama je Stand Studio. Izdvajam vam par favorita u nastavku.<\/p>\n\n\n\n<p>Prvi je prekrasan du\u017ei sme\u0111i kaput od umjetnog krzna koji, osim \u0161to \u0107e vas odli\u010dno grijati u dnevnim kombinacijama, biti i show stopper u ve\u010dernjim kombinacijama uz malu crnu haljinu, grilonke te lakirane salonke i zanimljivu clutch torbicu!<\/p>\n\n\n\n<p>Za ljubitelje skandi stila tu je crno siva varijanta, model Carolina sa teksturom ov\u010djeg krzna!<\/p>\n\n\n\n<figure class=\"wp-block-gallery has-nested-images columns-default is-cropped wp-block-gallery-1 is-layout-flex wp-block-gallery-is-layout-flex\">\n<figure class=\"wp-block-image size-large\"><a href=\"https:\/\/answear.hr\/p\/kaput-stand-studio-fae-boja-crna-66609-9890-1524297\"><img loading=\"lazy\" decoding=\"async\" width=\"463\" height=\"695\" data-id=\"50240\" src=\"https:\/\/answear.hr\/blog\/wp-content\/uploads\/2025\/11\/AW25-KUD1K6-99X_F1-463x695.avif\" alt=\"\" class=\"wp-image-50240\" srcset=\"https:\/\/answear.hr\/blog\/wp-content\/uploads\/2025\/11\/AW25-KUD1K6-99X_F1-463x695.avif 463w, https:\/\/answear.hr\/blog\/wp-content\/uploads\/2025\/11\/AW25-KUD1K6-99X_F1-768x1152.avif 768w, https:\/\/answear.hr\/blog\/wp-content\/uploads\/2025\/11\/AW25-KUD1K6-99X_F1-1024x1536.avif 1024w, https:\/\/answear.hr\/blog\/wp-content\/uploads\/2025\/11\/AW25-KUD1K6-99X_F1.avif 1084w\" sizes=\"(max-width: 463px) 100vw, 463px\" \/><\/a><\/figure>\n\n\n\n<figure class=\"wp-block-image size-large\"><a href=\"https:\/\/answear.hr\/p\/kaput-stand-studio-carolina-boja-siva-66577-9422-1492673\"><img loading=\"lazy\" decoding=\"async\" width=\"463\" height=\"695\" data-id=\"50241\" src=\"https:\/\/answear.hr\/blog\/wp-content\/uploads\/2025\/11\/AW25-KPD02E-90X_F1-463x695.webp\" alt=\"\" class=\"wp-image-50241\" srcset=\"https:\/\/answear.hr\/blog\/wp-content\/uploads\/2025\/11\/AW25-KPD02E-90X_F1-463x695.webp 463w, https:\/\/answear.hr\/blog\/wp-content\/uploads\/2025\/11\/AW25-KPD02E-90X_F1-768x1152.webp 768w, https:\/\/answear.hr\/blog\/wp-content\/uploads\/2025\/11\/AW25-KPD02E-90X_F1-1024x1536.webp 1024w, https:\/\/answear.hr\/blog\/wp-content\/uploads\/2025\/11\/AW25-KPD02E-90X_F1.webp 1084w\" sizes=\"(max-width: 463px) 100vw, 463px\" \/><\/a><\/figure>\n\n\n\n<figure class=\"wp-block-image size-large\"><a href=\"https:\/\/answear.hr\/p\/kaput-stand-studio-harper-boja-smeda-66550-9395-1512113\"><img loading=\"lazy\" decoding=\"async\" width=\"463\" height=\"695\" data-id=\"50242\" src=\"https:\/\/answear.hr\/blog\/wp-content\/uploads\/2025\/11\/AW25-KPD02F-89X_F1-1-463x695.avif\" alt=\"\" class=\"wp-image-50242\" srcset=\"https:\/\/answear.hr\/blog\/wp-content\/uploads\/2025\/11\/AW25-KPD02F-89X_F1-1-463x695.avif 463w, https:\/\/answear.hr\/blog\/wp-content\/uploads\/2025\/11\/AW25-KPD02F-89X_F1-1-768x1152.avif 768w, https:\/\/answear.hr\/blog\/wp-content\/uploads\/2025\/11\/AW25-KPD02F-89X_F1-1-1024x1536.avif 1024w, https:\/\/answear.hr\/blog\/wp-content\/uploads\/2025\/11\/AW25-KPD02F-89X_F1-1.avif 1084w\" sizes=\"(max-width: 463px) 100vw, 463px\" \/><\/a><\/figure>\n<\/figure>\n\n\n\n<p>Ono \u0161to nosite ispod kaputa nikako nije manje bitno, i dapa\u010de, ostavlja vi\u0161e prostora za stilsku igru i promjene. U ovom odjeljku dopustite si i \u017earke boje i uzorke koji \u0107e savr\u0161eno izviriti iz va\u0161ih statement kaputa. Zamislimo samo crveni Tommy Hilfiger pulover kao akcent ispod duga\u010dkog smedjeg kaputa.<\/p>\n\n\n\n<figure class=\"wp-block-gallery has-nested-images columns-default is-cropped wp-block-gallery-2 is-layout-flex wp-block-gallery-is-layout-flex\">\n<figure class=\"wp-block-image size-large\"><img loading=\"lazy\" decoding=\"async\" width=\"463\" height=\"695\" data-id=\"50244\" src=\"https:\/\/answear.hr\/blog\/wp-content\/uploads\/2025\/11\/AW24-SWD0CP-50A_F1-463x695.avif\" alt=\"\" class=\"wp-image-50244\" srcset=\"https:\/\/answear.hr\/blog\/wp-content\/uploads\/2025\/11\/AW24-SWD0CP-50A_F1-463x695.avif 463w, https:\/\/answear.hr\/blog\/wp-content\/uploads\/2025\/11\/AW24-SWD0CP-50A_F1-768x1152.avif 768w, https:\/\/answear.hr\/blog\/wp-content\/uploads\/2025\/11\/AW24-SWD0CP-50A_F1-1024x1536.avif 1024w, https:\/\/answear.hr\/blog\/wp-content\/uploads\/2025\/11\/AW24-SWD0CP-50A_F1.avif 1084w\" sizes=\"(max-width: 463px) 100vw, 463px\" \/><\/figure>\n\n\n\n<figure class=\"wp-block-image size-large\"><img loading=\"lazy\" decoding=\"async\" width=\"463\" height=\"695\" data-id=\"50243\" src=\"https:\/\/answear.hr\/blog\/wp-content\/uploads\/2025\/11\/AW25-SWD014-57X_F1-463x695.webp\" alt=\"\" class=\"wp-image-50243\" srcset=\"https:\/\/answear.hr\/blog\/wp-content\/uploads\/2025\/11\/AW25-SWD014-57X_F1-463x695.webp 463w, https:\/\/answear.hr\/blog\/wp-content\/uploads\/2025\/11\/AW25-SWD014-57X_F1-768x1152.webp 768w, https:\/\/answear.hr\/blog\/wp-content\/uploads\/2025\/11\/AW25-SWD014-57X_F1.webp 860w\" sizes=\"(max-width: 463px) 100vw, 463px\" \/><\/figure>\n<\/figure>\n\n\n\n<p>Kod hla\u010da, popuste mo\u017eete iskoristiti za ulov na dobre traperice, za poslovne hla\u010de ili pak \u0161ik varijantu koja \u0107e vam biti suputnik na predblagdanskim izlascima. Koja god je od navedenih, slobodno birajte lagani trapez kroj, koji osim svog efektnog dojma, odli\u010dno stoji svim figurama.<\/p>\n\n\n\n<p>Ako vam se vi\u0161e puta dogodilo da niste spremni za snijeg u gradu, to\u010dnije borbu sa bljuzgom, toplo vam preporu\u010dam ni\u017ei model poznatih <a href=\"https:\/\/answear.hr\/p\/cizme-za-snijeg-moon-boot-mb-icon-low-rubber-boja-crna-80d1409380-n001-1170733?size=39%2F41\">Moon Boot buca<\/a>. Vodonepropusne su i veoma tople, te ih je lako kombinirati i sa kaputima i jaknama.<\/p>\n\n\n\n<p>Najbolja opcija za suhe, a hladne dane su sigurno Ugg \u010dizme koje svaku sezonu dolaze u novim visinama i oblicima potplata. \u0160to ste vi\u0161lje od tla, to \u0107e vam biti toplije za stopala. Ako ste jedne od tih, mislim da \u0107ete se usre\u0107iti sa jednim od idu\u0107a dva prijedloga:<\/p>\n\n\n\n<figure class=\"wp-block-gallery has-nested-images columns-default is-cropped wp-block-gallery-3 is-layout-flex wp-block-gallery-is-layout-flex\">\n<figure class=\"wp-block-image size-large\"><a href=\"https:\/\/answear.hr\/p\/ugg-cipele-classic-short-ii-1016223-che-314625\"><img loading=\"lazy\" decoding=\"async\" width=\"461\" height=\"695\" data-id=\"50245\" src=\"https:\/\/answear.hr\/blog\/wp-content\/uploads\/2025\/11\/KW16-OBD193-82X_F1-461x695.avif\" alt=\"\" class=\"wp-image-50245\" srcset=\"https:\/\/answear.hr\/blog\/wp-content\/uploads\/2025\/11\/KW16-OBD193-82X_F1-461x695.avif 461w, https:\/\/answear.hr\/blog\/wp-content\/uploads\/2025\/11\/KW16-OBD193-82X_F1-768x1159.avif 768w, https:\/\/answear.hr\/blog\/wp-content\/uploads\/2025\/11\/KW16-OBD193-82X_F1.avif 855w\" sizes=\"(max-width: 461px) 100vw, 461px\" \/><\/a><\/figure>\n\n\n\n<figure class=\"wp-block-image size-large\"><a href=\"https:\/\/answear.hr\/p\/kozne-cipele-za-snijeg-ugg-esmee-leather-boot-boja-crna-1172590-blk-1500809?size=40\"><img loading=\"lazy\" decoding=\"async\" width=\"463\" height=\"695\" data-id=\"50246\" src=\"https:\/\/answear.hr\/blog\/wp-content\/uploads\/2025\/11\/AW25-OBD1KG-99X_F1-463x695.webp\" alt=\"\" class=\"wp-image-50246\" srcset=\"https:\/\/answear.hr\/blog\/wp-content\/uploads\/2025\/11\/AW25-OBD1KG-99X_F1-463x695.webp 463w, https:\/\/answear.hr\/blog\/wp-content\/uploads\/2025\/11\/AW25-OBD1KG-99X_F1-768x1152.webp 768w, https:\/\/answear.hr\/blog\/wp-content\/uploads\/2025\/11\/AW25-OBD1KG-99X_F1.webp 860w\" sizes=\"(max-width: 463px) 100vw, 463px\" \/><\/a><\/figure>\n<\/figure>\n\n\n\n<p>Nikako ne smijemo zaboraviti detalje koji \u010dine veliku razliku, a to su asesoari.<br>Krenimo od pokrivala za glavu.<\/p>\n\n\n\n<p>Moj apsolutni favorit, predimenzionirana crna \u0161ubara tra\u017eenog brenda Ruslan Baginsky. Zbog svog pilot oblika, ne ostavlja klasi\u010dan damski dojam, ve\u0107 poja\u010dava coolness na maksimum, \u0161to je prili\u010dno te\u0161ko posti\u0107i u zimskom razdoblju.<\/p>\n\n\n\n<p>Druga verzija je sivi \u0161al s dodatkom vune, istog brenda. Mislim da je odli\u010dan za sve koji ne \u017eele teret no\u0161enja velikih kapa, a opet \u017eele \u0161ik i toplo pokrivalo, koje istovremeno pokriva i funkciju \u0161ala.<\/p>\n\n\n\n<figure class=\"wp-block-gallery has-nested-images columns-default is-cropped wp-block-gallery-4 is-layout-flex wp-block-gallery-is-layout-flex\">\n<figure class=\"wp-block-image size-large\"><a href=\"https:\/\/answear.hr\/p\/sal-s-dodatkom-vune-ruslan-baginskiy-boja-siva-bez-uzorka-hod030-wp-flt-1490963?size=ONE\"><img loading=\"lazy\" decoding=\"async\" width=\"463\" height=\"695\" data-id=\"50247\" src=\"https:\/\/answear.hr\/blog\/wp-content\/uploads\/2025\/11\/AA00-SAD06C-90X_F1-463x695.webp\" alt=\"\" class=\"wp-image-50247\" srcset=\"https:\/\/answear.hr\/blog\/wp-content\/uploads\/2025\/11\/AA00-SAD06C-90X_F1-463x695.webp 463w, https:\/\/answear.hr\/blog\/wp-content\/uploads\/2025\/11\/AA00-SAD06C-90X_F1-768x1152.webp 768w, https:\/\/answear.hr\/blog\/wp-content\/uploads\/2025\/11\/AA00-SAD06C-90X_F1.webp 860w\" sizes=\"(max-width: 463px) 100vw, 463px\" \/><\/a><\/figure>\n\n\n\n<figure class=\"wp-block-image size-large\"><a href=\"https:\/\/answear.hr\/p\/kapa-ruslan-baginskiy-boja-crna-avih033-p-hh-flt-1489403?size=S%2FM\"><img loading=\"lazy\" decoding=\"async\" width=\"463\" height=\"695\" data-id=\"50248\" src=\"https:\/\/answear.hr\/blog\/wp-content\/uploads\/2025\/11\/AA00-CAD0N6-99X_F0-463x695.webp\" alt=\"\" class=\"wp-image-50248\" srcset=\"https:\/\/answear.hr\/blog\/wp-content\/uploads\/2025\/11\/AA00-CAD0N6-99X_F0-463x695.webp 463w, https:\/\/answear.hr\/blog\/wp-content\/uploads\/2025\/11\/AA00-CAD0N6-99X_F0-768x1152.webp 768w, https:\/\/answear.hr\/blog\/wp-content\/uploads\/2025\/11\/AA00-CAD0N6-99X_F0.webp 860w\" sizes=\"(max-width: 463px) 100vw, 463px\" \/><\/a><\/figure>\n<\/figure>\n\n\n\n<p>Kod \u0161alova, ili ste tip tanjih uredno omotanih \u0161alova, ili pak onih koji pokrivaju i cijela ramena. Uz te dvije grupe, predlo\u017eiti \u0107u vam i tanji elegantniji Patrizia Pepe model s ukrasnom kop\u010dom, koji \u0107e biti zvijezda va\u0161ih uredskih lookova ili pak ve\u010dernjih izlazaka.<\/p>\n\n\n\n<figure class=\"wp-block-gallery has-nested-images columns-default is-cropped wp-block-gallery-5 is-layout-flex wp-block-gallery-is-layout-flex\">\n<figure class=\"wp-block-image size-large\"><a href=\"https:\/\/answear.hr\/p\/sal-patrizia-pepe-boja-crna-bez-uzorka-8f0047-ad08-1398229?size=ONE\"><img loading=\"lazy\" decoding=\"async\" width=\"463\" height=\"695\" data-id=\"50249\" src=\"https:\/\/answear.hr\/blog\/wp-content\/uploads\/2025\/11\/SS25-SAD004-99A_F0-463x695.avif\" alt=\"\" class=\"wp-image-50249\" srcset=\"https:\/\/answear.hr\/blog\/wp-content\/uploads\/2025\/11\/SS25-SAD004-99A_F0-463x695.avif 463w, https:\/\/answear.hr\/blog\/wp-content\/uploads\/2025\/11\/SS25-SAD004-99A_F0-768x1152.avif 768w, https:\/\/answear.hr\/blog\/wp-content\/uploads\/2025\/11\/SS25-SAD004-99A_F0-1024x1536.avif 1024w, https:\/\/answear.hr\/blog\/wp-content\/uploads\/2025\/11\/SS25-SAD004-99A_F0.avif 1084w\" sizes=\"(max-width: 463px) 100vw, 463px\" \/><\/a><\/figure>\n\n\n\n<figure class=\"wp-block-image size-large\"><a href=\"https:\/\/answear.hr\/p\/vuneni-sal-answear-lab-boja-smeda-bez-uzorka-1458977\"><img loading=\"lazy\" decoding=\"async\" width=\"463\" height=\"695\" data-id=\"50250\" src=\"https:\/\/answear.hr\/blog\/wp-content\/uploads\/2025\/11\/WA25-SAD010-88X_F0-463x695.avif\" alt=\"\" class=\"wp-image-50250\" srcset=\"https:\/\/answear.hr\/blog\/wp-content\/uploads\/2025\/11\/WA25-SAD010-88X_F0-463x695.avif 463w, https:\/\/answear.hr\/blog\/wp-content\/uploads\/2025\/11\/WA25-SAD010-88X_F0-768x1152.avif 768w, https:\/\/answear.hr\/blog\/wp-content\/uploads\/2025\/11\/WA25-SAD010-88X_F0-1024x1536.avif 1024w, https:\/\/answear.hr\/blog\/wp-content\/uploads\/2025\/11\/WA25-SAD010-88X_F0.avif 1084w\" sizes=\"(max-width: 463px) 100vw, 463px\" \/><\/a><\/figure>\n<\/figure>\n\n\n\n<p>Za kraj, rukavice kao moj omiljeni zimski dodatak!<br>Osobno volim na raspolaganju imati duge ko\u017ene rukavice, tople vunene rukavice te barem jedne ko\u017ene bez prstiju, kako bi ih mogla prilagodjavati raznim lookovima. Kao favorita bih izdvojila crne Karl Laferfeld rukavice s malim lokotima, koje zami\u0161ljam u kombinacijama s bundom za izlazak na koktel ili pak sakoom za odlazak u kazali\u0161te.<\/p>\n\n\n\n<figure class=\"wp-block-gallery has-nested-images columns-default is-cropped wp-block-gallery-6 is-layout-flex wp-block-gallery-is-layout-flex\">\n<figure class=\"wp-block-image size-large\"><a href=\"https:\/\/answear.hr\/p\/vunene-rukavice-moschino-boja-siva-m2973-65379-1162673\"><img loading=\"lazy\" decoding=\"async\" width=\"461\" height=\"695\" data-id=\"50251\" src=\"https:\/\/answear.hr\/blog\/wp-content\/uploads\/2025\/11\/AW24-RED003-90X_F1-461x695.avif\" alt=\"\" class=\"wp-image-50251\" srcset=\"https:\/\/answear.hr\/blog\/wp-content\/uploads\/2025\/11\/AW24-RED003-90X_F1-461x695.avif 461w, https:\/\/answear.hr\/blog\/wp-content\/uploads\/2025\/11\/AW24-RED003-90X_F1-768x1159.avif 768w, https:\/\/answear.hr\/blog\/wp-content\/uploads\/2025\/11\/AW24-RED003-90X_F1.avif 855w\" sizes=\"(max-width: 461px) 100vw, 461px\" \/><\/a><\/figure>\n\n\n\n<figure class=\"wp-block-image size-large\"><a href=\"https:\/\/answear.hr\/p\/kozne-rukavice-karl-lagerfeld-ikon-choupette-boja-crna-a3w33031-1417652\"><img loading=\"lazy\" decoding=\"async\" width=\"463\" height=\"695\" data-id=\"50252\" src=\"https:\/\/answear.hr\/blog\/wp-content\/uploads\/2025\/11\/AW25-RED004-99X_F1-463x695.webp\" alt=\"\" class=\"wp-image-50252\" srcset=\"https:\/\/answear.hr\/blog\/wp-content\/uploads\/2025\/11\/AW25-RED004-99X_F1-463x695.webp 463w, https:\/\/answear.hr\/blog\/wp-content\/uploads\/2025\/11\/AW25-RED004-99X_F1-768x1152.webp 768w, https:\/\/answear.hr\/blog\/wp-content\/uploads\/2025\/11\/AW25-RED004-99X_F1.webp 860w\" sizes=\"(max-width: 463px) 100vw, 463px\" \/><\/a><\/figure>\n<\/figure>\n","protected":false},"excerpt":{"rendered":"<p><span class=\"rt-reading-time\" style=\"display: block;\"><span class=\"rt-label rt-prefix\">Vrijeme \u010ditanja<\/span> <span class=\"rt-time\">4<\/span> <span class=\"rt-label rt-postfix\">min<\/span><\/span> S novim valom zahladjenja, popusti za Black Friday dolaze kao naru\u010deni. Ako se ranije niste opremili kaputima, bucama te ostalim toplim dodacima, sada je pravo vrijeme!<\/p>\n","protected":false},"author":54,"featured_media":50236,"comment_status":"closed","ping_status":"closed","sticky":false,"template":"","format":"standard","meta":{"footnotes":""},"categories":[145],"tags":[],"class_list":["post-50235","post","type-post","status-publish","format-standard","has-post-thumbnail","hentry","category-inspirations"],"yoast_head":"<!-- This site is optimized with the Yoast SEO plugin v22.0 - https:\/\/yoast.com\/wordpress\/plugins\/seo\/ -->\n<title>Najbolji ulovi s answear.hr-a za Black Friday - Answear modni blog<\/title>\n<meta name=\"description\" content=\"S novim valom zahladjenja, popusti za Black Friday dolaze kao naru\u010deni. Ako se ranije niste opremili kaputima, bucama te ostalim toplim dodacima, sada je\" \/>\n<meta name=\"robots\" content=\"index, follow, max-snippet:-1, max-image-preview:large, max-video-preview:-1\" \/>\n<link rel=\"canonical\" href=\"https:\/\/answear.hr\/blog\/najbolji-ulovi-s-answear-hr-a-za-black-friday\/50235\/\" \/>\n<meta property=\"og:locale\" content=\"hr_HR\" \/>\n<meta property=\"og:type\" content=\"article\" \/>\n<meta property=\"og:title\" content=\"Najbolji ulovi s answear.hr-a za Black Friday - Answear modni blog\" \/>\n<meta property=\"og:description\" content=\"S novim valom zahladjenja, popusti za Black Friday dolaze kao naru\u010deni. Ako se ranije niste opremili kaputima, bucama te ostalim toplim dodacima, sada je\" \/>\n<meta property=\"og:url\" content=\"https:\/\/answear.hr\/blog\/najbolji-ulovi-s-answear-hr-a-za-black-friday\/50235\/\" \/>\n<meta property=\"og:site_name\" content=\"Answear modni blog\" \/>\n<meta property=\"article:published_time\" content=\"2025-11-18T10:37:40+00:00\" \/>\n<meta property=\"article:modified_time\" content=\"2025-12-03T10:58:24+00:00\" \/>\n<meta property=\"og:image\" content=\"https:\/\/answear.hr\/blog\/wp-content\/uploads\/2025\/12\/1200x628.webp\" \/>\n\t<meta property=\"og:image:width\" content=\"1200\" \/>\n\t<meta property=\"og:image:height\" content=\"628\" \/>\n\t<meta property=\"og:image:type\" content=\"image\/webp\" \/>\n<meta name=\"author\" content=\"Answear\" \/>\n<meta name=\"twitter:card\" content=\"summary_large_image\" \/>\n<meta name=\"twitter:label1\" content=\"Napisao\/la\" \/>\n\t<meta name=\"twitter:data1\" content=\"Answear\" \/>\n\t<meta name=\"twitter:label2\" content=\"Procijenjeno vrijeme \u010ditanja\" \/>\n\t<meta name=\"twitter:data2\" content=\"6 minuta\" \/>\n<script type=\"application\/ld+json\" class=\"yoast-schema-graph\">{\"@context\":\"https:\/\/schema.org\",\"@graph\":[{\"@type\":\"WebPage\",\"@id\":\"https:\/\/answear.hr\/blog\/najbolji-ulovi-s-answear-hr-a-za-black-friday\/50235\/\",\"url\":\"https:\/\/answear.hr\/blog\/najbolji-ulovi-s-answear-hr-a-za-black-friday\/50235\/\",\"name\":\"Najbolji ulovi s answear.hr-a za Black Friday - Answear modni blog\",\"isPartOf\":{\"@id\":\"https:\/\/answear.hr\/blog\/#website\"},\"datePublished\":\"2025-11-18T10:37:40+00:00\",\"dateModified\":\"2025-12-03T10:58:24+00:00\",\"author\":{\"@id\":\"https:\/\/answear.hr\/blog\/#\/schema\/person\/c3e5a4548505af3458f00d445fd56af5\"},\"description\":\"S novim valom zahladjenja, popusti za Black Friday dolaze kao naru\u010deni. Ako se ranije niste opremili kaputima, bucama te ostalim toplim dodacima, sada je\",\"breadcrumb\":{\"@id\":\"https:\/\/answear.hr\/blog\/najbolji-ulovi-s-answear-hr-a-za-black-friday\/50235\/#breadcrumb\"},\"inLanguage\":\"hr\",\"potentialAction\":[{\"@type\":\"ReadAction\",\"target\":[\"https:\/\/answear.hr\/blog\/najbolji-ulovi-s-answear-hr-a-za-black-friday\/50235\/\"]}]},{\"@type\":\"BreadcrumbList\",\"@id\":\"https:\/\/answear.hr\/blog\/najbolji-ulovi-s-answear-hr-a-za-black-friday\/50235\/#breadcrumb\",\"itemListElement\":[{\"@type\":\"ListItem\",\"position\":1,\"name\":\"Blog\",\"item\":\"https:\/\/answear.hr\/blog\/\"},{\"@type\":\"ListItem\",\"position\":2,\"name\":\"Inspirations\",\"item\":\"https:\/\/answear.hr\/blog\/tematy\/inspirations\/\"},{\"@type\":\"ListItem\",\"position\":3,\"name\":\"Najbolji ulovi s answear.hr-a za Black Friday\"}]},{\"@type\":\"WebSite\",\"@id\":\"https:\/\/answear.hr\/blog\/#website\",\"url\":\"https:\/\/answear.hr\/blog\/\",\"name\":\"Answear modni blog\",\"description\":\"Answear modni blog\",\"potentialAction\":[{\"@type\":\"SearchAction\",\"target\":{\"@type\":\"EntryPoint\",\"urlTemplate\":\"https:\/\/answear.hr\/blog\/?s={search_term_string}\"},\"query-input\":\"required name=search_term_string\"}],\"inLanguage\":\"hr\"},{\"@type\":\"Person\",\"@id\":\"https:\/\/answear.hr\/blog\/#\/schema\/person\/c3e5a4548505af3458f00d445fd56af5\",\"name\":\"Answear\",\"image\":{\"@type\":\"ImageObject\",\"inLanguage\":\"hr\",\"@id\":\"https:\/\/answear.hr\/blog\/#\/schema\/person\/image\/\",\"url\":\"https:\/\/secure.gravatar.com\/avatar\/306a3c14f59e14766168b116b825f6ee?s=96&d=mm&r=g\",\"contentUrl\":\"https:\/\/secure.gravatar.com\/avatar\/306a3c14f59e14766168b116b825f6ee?s=96&d=mm&r=g\",\"caption\":\"Answear\"},\"url\":\"https:\/\/answear.hr\/blog\/author\/martina\/\"}]}<\/script>\n<!-- \/ Yoast SEO plugin. -->","yoast_head_json":{"title":"Najbolji ulovi s answear.hr-a za Black Friday - Answear modni blog","description":"S novim valom zahladjenja, popusti za Black Friday dolaze kao naru\u010deni. Ako se ranije niste opremili kaputima, bucama te ostalim toplim dodacima, sada je","robots":{"index":"index","follow":"follow","max-snippet":"max-snippet:-1","max-image-preview":"max-image-preview:large","max-video-preview":"max-video-preview:-1"},"canonical":"https:\/\/answear.hr\/blog\/najbolji-ulovi-s-answear-hr-a-za-black-friday\/50235\/","og_locale":"hr_HR","og_type":"article","og_title":"Najbolji ulovi s answear.hr-a za Black Friday - Answear modni blog","og_description":"S novim valom zahladjenja, popusti za Black Friday dolaze kao naru\u010deni. Ako se ranije niste opremili kaputima, bucama te ostalim toplim dodacima, sada je","og_url":"https:\/\/answear.hr\/blog\/najbolji-ulovi-s-answear-hr-a-za-black-friday\/50235\/","og_site_name":"Answear modni blog","article_published_time":"2025-11-18T10:37:40+00:00","article_modified_time":"2025-12-03T10:58:24+00:00","og_image":[{"width":1200,"height":628,"url":"https:\/\/answear.hr\/blog\/wp-content\/uploads\/2025\/12\/1200x628.webp","type":"image\/webp"}],"author":"Answear","twitter_card":"summary_large_image","twitter_misc":{"Napisao\/la":"Answear","Procijenjeno vrijeme \u010ditanja":"6 minuta"},"schema":{"@context":"https:\/\/schema.org","@graph":[{"@type":"WebPage","@id":"https:\/\/answear.hr\/blog\/najbolji-ulovi-s-answear-hr-a-za-black-friday\/50235\/","url":"https:\/\/answear.hr\/blog\/najbolji-ulovi-s-answear-hr-a-za-black-friday\/50235\/","name":"Najbolji ulovi s answear.hr-a za Black Friday - Answear modni blog","isPartOf":{"@id":"https:\/\/answear.hr\/blog\/#website"},"datePublished":"2025-11-18T10:37:40+00:00","dateModified":"2025-12-03T10:58:24+00:00","author":{"@id":"https:\/\/answear.hr\/blog\/#\/schema\/person\/c3e5a4548505af3458f00d445fd56af5"},"description":"S novim valom zahladjenja, popusti za Black Friday dolaze kao naru\u010deni. Ako se ranije niste opremili kaputima, bucama te ostalim toplim dodacima, sada je","breadcrumb":{"@id":"https:\/\/answear.hr\/blog\/najbolji-ulovi-s-answear-hr-a-za-black-friday\/50235\/#breadcrumb"},"inLanguage":"hr","potentialAction":[{"@type":"ReadAction","target":["https:\/\/answear.hr\/blog\/najbolji-ulovi-s-answear-hr-a-za-black-friday\/50235\/"]}]},{"@type":"BreadcrumbList","@id":"https:\/\/answear.hr\/blog\/najbolji-ulovi-s-answear-hr-a-za-black-friday\/50235\/#breadcrumb","itemListElement":[{"@type":"ListItem","position":1,"name":"Blog","item":"https:\/\/answear.hr\/blog\/"},{"@type":"ListItem","position":2,"name":"Inspirations","item":"https:\/\/answear.hr\/blog\/tematy\/inspirations\/"},{"@type":"ListItem","position":3,"name":"Najbolji ulovi s answear.hr-a za Black Friday"}]},{"@type":"WebSite","@id":"https:\/\/answear.hr\/blog\/#website","url":"https:\/\/answear.hr\/blog\/","name":"Answear modni blog","description":"Answear modni blog","potentialAction":[{"@type":"SearchAction","target":{"@type":"EntryPoint","urlTemplate":"https:\/\/answear.hr\/blog\/?s={search_term_string}"},"query-input":"required name=search_term_string"}],"inLanguage":"hr"},{"@type":"Person","@id":"https:\/\/answear.hr\/blog\/#\/schema\/person\/c3e5a4548505af3458f00d445fd56af5","name":"Answear","image":{"@type":"ImageObject","inLanguage":"hr","@id":"https:\/\/answear.hr\/blog\/#\/schema\/person\/image\/","url":"https:\/\/secure.gravatar.com\/avatar\/306a3c14f59e14766168b116b825f6ee?s=96&d=mm&r=g","contentUrl":"https:\/\/secure.gravatar.com\/avatar\/306a3c14f59e14766168b116b825f6ee?s=96&d=mm&r=g","caption":"Answear"},"url":"https:\/\/answear.hr\/blog\/author\/martina\/"}]}},"_links":{"self":[{"href":"https:\/\/answear.hr\/blog\/wp-json\/wp\/v2\/posts\/50235"}],"collection":[{"href":"https:\/\/answear.hr\/blog\/wp-json\/wp\/v2\/posts"}],"about":[{"href":"https:\/\/answear.hr\/blog\/wp-json\/wp\/v2\/types\/post"}],"author":[{"embeddable":true,"href":"https:\/\/answear.hr\/blog\/wp-json\/wp\/v2\/users\/54"}],"replies":[{"embeddable":true,"href":"https:\/\/answear.hr\/blog\/wp-json\/wp\/v2\/comments?post=50235"}],"version-history":[{"count":2,"href":"https:\/\/answear.hr\/blog\/wp-json\/wp\/v2\/posts\/50235\/revisions"}],"predecessor-version":[{"id":50253,"href":"https:\/\/answear.hr\/blog\/wp-json\/wp\/v2\/posts\/50235\/revisions\/50253"}],"wp:featuredmedia":[{"embeddable":true,"href":"https:\/\/answear.hr\/blog\/wp-json\/wp\/v2\/media\/50236"}],"wp:attachment":[{"href":"https:\/\/answear.hr\/blog\/wp-json\/wp\/v2\/media?parent=50235"}],"wp:term":[{"taxonomy":"category","embeddable":true,"href":"https:\/\/answear.hr\/blog\/wp-json\/wp\/v2\/categories?post=50235"},{"taxonomy":"post_tag","embeddable":true,"href":"https:\/\/answear.hr\/blog\/wp-json\/wp\/v2\/tags?post=50235"}],"curies":[{"name":"wp","href":"https:\/\/api.w.org\/{rel}","templated":true}]}}