{"id":50268,"date":"2025-11-13T14:23:44","date_gmt":"2025-11-13T13:23:44","guid":{"rendered":"https:\/\/answear.hr\/blog\/?p=50268"},"modified":"2025-12-04T14:28:40","modified_gmt":"2025-12-04T13:28:40","slug":"marc-jacobs-x-a-p-c-susret-dviju-stilskih-ikona-u-duhu-osamdesetih","status":"publish","type":"post","link":"https:\/\/answear.hr\/blog\/marc-jacobs-x-a-p-c-susret-dviju-stilskih-ikona-u-duhu-osamdesetih\/50268\/","title":{"rendered":"Marc Jacobs x A.P.C. \u2013 susret dviju stilskih ikona u duhu osamdesetih"},"content":{"rendered":"<span class=\"rt-reading-time\" style=\"display: block;\"><span class=\"rt-label rt-prefix\">Vrijeme \u010ditanja<\/span> <span class=\"rt-time\">3<\/span> <span class=\"rt-label rt-postfix\">min<\/span><\/span><p><strong>Kada se dvije modne legende &#8211; Marc Jacobs i A.P.C. &#8211; udru\u017ee, rezultat mo\u017ee biti samo izvanredan. Njihova zajedni\u010dka kolekcija AW25 je veselo putovanje kroz vrijeme, koje slavi \u017eivopisnu estetiku osamdesetih i autenti\u010dnost trajnih prijateljstava. Ono \u0161to je po\u010delo kao zajedni\u010dka inspiracija razvilo se u kreativni dijalog izme\u0111u New Yorka i Pariza.<\/strong><\/p>\r\n\r\n<p><!--more--><\/p>\r\n\r\n\r\n\r\n<p class=\"bigletter\">Marc Jacobs i Jean Touitou, osniva\u010d A.P.C., prvi su se put susreli 1990-ih. Njihovo prijateljstvo izgradilo se na me\u0111usobnom razumijevanju i zajedni\u010dkoj viziji mode \u2013 klasi\u010dne, ali nikada ne boje\u0107i se eksperimentiranja. Godinama kasnije njihovi umjetni\u010dki svjetovi konvergiraju u ovoj izvanrednoj kolekciji, spajaju\u0107i dvije \u201cuniverzitete\u201d stila: ameri\u010dku le\u017eernost i francusku preciznost. Rezultat je moderna reinterpretacija koled\u017e mode, gdje se tradicija susre\u0107e sa svje\u017eim pogledom na svakodnevnu odje\u0107u.<\/p>\r\n\r\n\r\n\r\n<figure class=\"wp-block-gallery has-nested-images columns-default is-cropped wp-block-gallery-1 is-layout-flex wp-block-gallery-is-layout-flex\">\r\n<figure class=\"wp-block-image size-large\"><img loading=\"lazy\" decoding=\"async\" width=\"959\" height=\"695\" data-id=\"50272\" class=\"wp-image-50272\" src=\"https:\/\/answear.hr\/blog\/wp-content\/uploads\/2025\/12\/A.P.C._INTERACTION_28_MARC_JACOBS_1-959x695.jpg\" alt=\"\" srcset=\"https:\/\/answear.hr\/blog\/wp-content\/uploads\/2025\/12\/A.P.C._INTERACTION_28_MARC_JACOBS_1-959x695.jpg 959w, https:\/\/answear.hr\/blog\/wp-content\/uploads\/2025\/12\/A.P.C._INTERACTION_28_MARC_JACOBS_1-768x557.jpg 768w, https:\/\/answear.hr\/blog\/wp-content\/uploads\/2025\/12\/A.P.C._INTERACTION_28_MARC_JACOBS_1-1536x1114.jpg 1536w, https:\/\/answear.hr\/blog\/wp-content\/uploads\/2025\/12\/A.P.C._INTERACTION_28_MARC_JACOBS_1-2048x1485.jpg 2048w\" sizes=\"(max-width: 959px) 100vw, 959px\" \/><\/figure>\r\n\r\n\r\n\r\n<figure class=\"wp-block-image size-large\"><img loading=\"lazy\" decoding=\"async\" width=\"959\" height=\"695\" data-id=\"50271\" class=\"wp-image-50271\" src=\"https:\/\/answear.hr\/blog\/wp-content\/uploads\/2025\/12\/A.P.C._INTERACTION_28_MARC_JACOBS_3-959x695.jpg\" alt=\"\" srcset=\"https:\/\/answear.hr\/blog\/wp-content\/uploads\/2025\/12\/A.P.C._INTERACTION_28_MARC_JACOBS_3-959x695.jpg 959w, https:\/\/answear.hr\/blog\/wp-content\/uploads\/2025\/12\/A.P.C._INTERACTION_28_MARC_JACOBS_3-768x557.jpg 768w, https:\/\/answear.hr\/blog\/wp-content\/uploads\/2025\/12\/A.P.C._INTERACTION_28_MARC_JACOBS_3-1536x1114.jpg 1536w, https:\/\/answear.hr\/blog\/wp-content\/uploads\/2025\/12\/A.P.C._INTERACTION_28_MARC_JACOBS_3-2048x1485.jpg 2048w\" sizes=\"(max-width: 959px) 100vw, 959px\" \/><\/figure>\r\n<\/figure>\r\n\r\n\r\n\r\n<p><strong>Koled\u017e cool \u2013 od arhiva do danas<\/strong><\/p>\r\n\r\n\r\n\r\n<p>Kapsula se fokusira na estetiku \u201ccollege chic\u201d. Vra\u0107a sve \u0161to podsje\u0107a na duh kampusa iz osamdesetih. Prepoznatljivi vezeni i reljefni detalji pojavljuju se kroz cijelu kolekciju \u2013 od ikoni\u010dne varsity jakne od vune i ko\u017ee do dvo-brendiranih majica. Me\u0111u istaknutim komadima za \u017eene i mu\u0161karce su traperice \u201cTHE JEAN\u201d, mini suknja \u201cTHE SKIRT\u201d i blago oversize prugasta ko\u0161ulja \u201cTHE SHIRT\u201d. Kolekcija tako\u0111er uklju\u010duje ikoni\u010dnu torbu Marc Jacobs Tote Bag i kolekcionarsko izdanje torbe A.P.C. Demi-Lune.<\/p>\r\n\r\n\r\n\r\n<p>To je oma\u017e povijesti, ali i izjava o suvremenosti, jer je svaki kroj izveden s kirur\u0161kom precizno\u0161\u0107u i nenadma\u0161nom graciozno\u0161\u0107u po kojoj su oba dizajnera poznata.<\/p>\r\n\r\n\r\n\r\n<figure class=\"wp-block-gallery has-nested-images columns-default is-cropped wp-block-gallery-2 is-layout-flex wp-block-gallery-is-layout-flex\">\r\n<figure class=\"wp-block-image size-large\"><img loading=\"lazy\" decoding=\"async\" width=\"504\" height=\"695\" data-id=\"50274\" class=\"wp-image-50274\" src=\"https:\/\/answear.hr\/blog\/wp-content\/uploads\/2025\/12\/A.P.C._INTERACTION_28_MARC_JACOBS_6-504x695.jpg\" alt=\"\" srcset=\"https:\/\/answear.hr\/blog\/wp-content\/uploads\/2025\/12\/A.P.C._INTERACTION_28_MARC_JACOBS_6-504x695.jpg 504w, https:\/\/answear.hr\/blog\/wp-content\/uploads\/2025\/12\/A.P.C._INTERACTION_28_MARC_JACOBS_6-768x1059.jpg 768w, https:\/\/answear.hr\/blog\/wp-content\/uploads\/2025\/12\/A.P.C._INTERACTION_28_MARC_JACOBS_6-1114x1536.jpg 1114w, https:\/\/answear.hr\/blog\/wp-content\/uploads\/2025\/12\/A.P.C._INTERACTION_28_MARC_JACOBS_6-1485x2048.jpg 1485w, https:\/\/answear.hr\/blog\/wp-content\/uploads\/2025\/12\/A.P.C._INTERACTION_28_MARC_JACOBS_6-scaled.jpg 1856w\" sizes=\"(max-width: 504px) 100vw, 504px\" \/><\/figure>\r\n\r\n\r\n\r\n<figure class=\"wp-block-image size-large\"><img loading=\"lazy\" decoding=\"async\" width=\"504\" height=\"695\" data-id=\"50275\" class=\"wp-image-50275\" src=\"https:\/\/answear.hr\/blog\/wp-content\/uploads\/2025\/12\/A.P.C._INTERACTION_28_MARC_JACOBS_7-504x695.jpg\" alt=\"\" srcset=\"https:\/\/answear.hr\/blog\/wp-content\/uploads\/2025\/12\/A.P.C._INTERACTION_28_MARC_JACOBS_7-504x695.jpg 504w, https:\/\/answear.hr\/blog\/wp-content\/uploads\/2025\/12\/A.P.C._INTERACTION_28_MARC_JACOBS_7-768x1059.jpg 768w, https:\/\/answear.hr\/blog\/wp-content\/uploads\/2025\/12\/A.P.C._INTERACTION_28_MARC_JACOBS_7-1114x1536.jpg 1114w, https:\/\/answear.hr\/blog\/wp-content\/uploads\/2025\/12\/A.P.C._INTERACTION_28_MARC_JACOBS_7-1485x2048.jpg 1485w, https:\/\/answear.hr\/blog\/wp-content\/uploads\/2025\/12\/A.P.C._INTERACTION_28_MARC_JACOBS_7-scaled.jpg 1856w\" sizes=\"(max-width: 504px) 100vw, 504px\" \/><\/figure>\r\n\r\n\r\n\r\n<figure class=\"wp-block-image size-large\"><img loading=\"lazy\" decoding=\"async\" width=\"504\" height=\"695\" data-id=\"50276\" class=\"wp-image-50276\" src=\"https:\/\/answear.hr\/blog\/wp-content\/uploads\/2025\/12\/A.P.C._INTERACTION_28_MARC_JACOBS_8-504x695.jpg\" alt=\"\" srcset=\"https:\/\/answear.hr\/blog\/wp-content\/uploads\/2025\/12\/A.P.C._INTERACTION_28_MARC_JACOBS_8-504x695.jpg 504w, https:\/\/answear.hr\/blog\/wp-content\/uploads\/2025\/12\/A.P.C._INTERACTION_28_MARC_JACOBS_8-768x1059.jpg 768w, https:\/\/answear.hr\/blog\/wp-content\/uploads\/2025\/12\/A.P.C._INTERACTION_28_MARC_JACOBS_8-1114x1536.jpg 1114w, https:\/\/answear.hr\/blog\/wp-content\/uploads\/2025\/12\/A.P.C._INTERACTION_28_MARC_JACOBS_8-1485x2048.jpg 1485w, https:\/\/answear.hr\/blog\/wp-content\/uploads\/2025\/12\/A.P.C._INTERACTION_28_MARC_JACOBS_8-scaled.jpg 1856w\" sizes=\"(max-width: 504px) 100vw, 504px\" \/><\/figure>\r\n<\/figure>\r\n\r\n\r\n\r\n<p><strong>New York susre\u0107e Pariz<\/strong><\/p>\r\n\r\n\r\n\r\n<p>Kolekcija je bogata referencama na gradove koje dizajneri smatraju domom. Naran\u010dasti detalji nisu slu\u010dajni \u2013 inspirirani su Marcovim Carte Orange iz 1980-ih iz Pariza i Jean Touitouovom studentskom iskaznicom sa Sorbonne. Kroz ove suptilne naznake moda postaje narativ o zajedni\u010dkim uspomenama i kako se razli\u010dite kulture mogu ujediniti kroz jedan univerzalni jezik \u2013 stil.<\/p>\r\n\r\n\r\n\r\n<p>Marc Jacobs donosi svoj prepoznatljivi eklekti\u010dni naboj, dok A.P.C. doprinosi minimalisti\u010dkim vje\u0161tinama i pa\u017enjom prema detaljima. Zajedno stvaraju kolekciju koja besprijekorno uravnote\u017euje casual traper i umjetni\u010dku sofisticiranost.<\/p>\r\n\r\n\r\n\r\n<figure class=\"wp-block-gallery has-nested-images columns-default is-cropped wp-block-gallery-3 is-layout-flex wp-block-gallery-is-layout-flex\">\r\n<figure class=\"wp-block-image size-large\"><img loading=\"lazy\" decoding=\"async\" width=\"504\" height=\"695\" data-id=\"50277\" class=\"wp-image-50277\" src=\"https:\/\/answear.hr\/blog\/wp-content\/uploads\/2025\/12\/A.P.C._INTERACTION_28_MARC_JACOBS_11-504x695.jpg\" alt=\"\" srcset=\"https:\/\/answear.hr\/blog\/wp-content\/uploads\/2025\/12\/A.P.C._INTERACTION_28_MARC_JACOBS_11-504x695.jpg 504w, https:\/\/answear.hr\/blog\/wp-content\/uploads\/2025\/12\/A.P.C._INTERACTION_28_MARC_JACOBS_11-768x1059.jpg 768w, https:\/\/answear.hr\/blog\/wp-content\/uploads\/2025\/12\/A.P.C._INTERACTION_28_MARC_JACOBS_11-1114x1536.jpg 1114w, https:\/\/answear.hr\/blog\/wp-content\/uploads\/2025\/12\/A.P.C._INTERACTION_28_MARC_JACOBS_11-1485x2048.jpg 1485w, https:\/\/answear.hr\/blog\/wp-content\/uploads\/2025\/12\/A.P.C._INTERACTION_28_MARC_JACOBS_11-scaled.jpg 1856w\" sizes=\"(max-width: 504px) 100vw, 504px\" \/><\/figure>\r\n\r\n\r\n\r\n<figure class=\"wp-block-image size-large\"><img loading=\"lazy\" decoding=\"async\" width=\"504\" height=\"695\" data-id=\"50278\" class=\"wp-image-50278\" src=\"https:\/\/answear.hr\/blog\/wp-content\/uploads\/2025\/12\/A.P.C._INTERACTION_28_MARC_JACOBS_4-504x695.jpg\" alt=\"\" srcset=\"https:\/\/answear.hr\/blog\/wp-content\/uploads\/2025\/12\/A.P.C._INTERACTION_28_MARC_JACOBS_4-504x695.jpg 504w, https:\/\/answear.hr\/blog\/wp-content\/uploads\/2025\/12\/A.P.C._INTERACTION_28_MARC_JACOBS_4-768x1059.jpg 768w, https:\/\/answear.hr\/blog\/wp-content\/uploads\/2025\/12\/A.P.C._INTERACTION_28_MARC_JACOBS_4-1114x1536.jpg 1114w, https:\/\/answear.hr\/blog\/wp-content\/uploads\/2025\/12\/A.P.C._INTERACTION_28_MARC_JACOBS_4-1485x2048.jpg 1485w, https:\/\/answear.hr\/blog\/wp-content\/uploads\/2025\/12\/A.P.C._INTERACTION_28_MARC_JACOBS_4-scaled.jpg 1856w\" sizes=\"(max-width: 504px) 100vw, 504px\" \/><\/figure>\r\n<\/figure>\r\n\r\n\r\n\r\n<p><strong>Moda sa du\u0161om i pri\u010dom<\/strong><\/p>\r\n\r\n\r\n\r\n<p>Fotografirana od Nicka Newbolda i stilizirana od Alastaira McKimm, kampanja hvata duh ove suradnje \u2013 eleganciju, preciznost i suptilni humor. To nije samo odje\u0107a; to je dio kulturnog pripovijedanja, gdje pro\u0161lost i sada\u0161njost ple\u0161u u savr\u0161enom ritmu, lijepo reflektirano u vizualima kampanje.<\/p>\r\n\r\n\r\n\r\n<p class=\"kropka\">Marc Jacobs x A.P.C. je susret dviju filozofija \u2013 francuskog mira i newyor\u0161ke energije. U ovoj kolekciji klasi\u010dni stil govori obnovljenim glasom, onim kojeg \u017eelimo slu\u0161ati, s dozom nostalgije i rado\u0161\u0107u zajedni\u010dkih trenutaka i trajnih veza.<\/p>\r\n\r\n\r\n\r\n<figure class=\"wp-block-gallery has-nested-images columns-default is-cropped wp-block-gallery-4 is-layout-flex wp-block-gallery-is-layout-flex\">\r\n<figure class=\"wp-block-image size-large\"><img loading=\"lazy\" decoding=\"async\" width=\"504\" height=\"695\" data-id=\"50280\" class=\"wp-image-50280\" src=\"https:\/\/answear.hr\/blog\/wp-content\/uploads\/2025\/12\/A.P.C._INTERACTION_28_MARC_JACOBS_10-504x695.jpg\" alt=\"\" srcset=\"https:\/\/answear.hr\/blog\/wp-content\/uploads\/2025\/12\/A.P.C._INTERACTION_28_MARC_JACOBS_10-504x695.jpg 504w, https:\/\/answear.hr\/blog\/wp-content\/uploads\/2025\/12\/A.P.C._INTERACTION_28_MARC_JACOBS_10-768x1059.jpg 768w, https:\/\/answear.hr\/blog\/wp-content\/uploads\/2025\/12\/A.P.C._INTERACTION_28_MARC_JACOBS_10-1114x1536.jpg 1114w, https:\/\/answear.hr\/blog\/wp-content\/uploads\/2025\/12\/A.P.C._INTERACTION_28_MARC_JACOBS_10-1485x2048.jpg 1485w, https:\/\/answear.hr\/blog\/wp-content\/uploads\/2025\/12\/A.P.C._INTERACTION_28_MARC_JACOBS_10-scaled.jpg 1856w\" sizes=\"(max-width: 504px) 100vw, 504px\" \/><\/figure>\r\n\r\n\r\n\r\n<figure class=\"wp-block-image size-large\"><img loading=\"lazy\" decoding=\"async\" width=\"504\" height=\"695\" data-id=\"50279\" class=\"wp-image-50279\" src=\"https:\/\/answear.hr\/blog\/wp-content\/uploads\/2025\/12\/A.P.C._INTERACTION_28_MARC_JACOBS_9-504x695.jpg\" alt=\"\" srcset=\"https:\/\/answear.hr\/blog\/wp-content\/uploads\/2025\/12\/A.P.C._INTERACTION_28_MARC_JACOBS_9-504x695.jpg 504w, https:\/\/answear.hr\/blog\/wp-content\/uploads\/2025\/12\/A.P.C._INTERACTION_28_MARC_JACOBS_9-768x1059.jpg 768w, https:\/\/answear.hr\/blog\/wp-content\/uploads\/2025\/12\/A.P.C._INTERACTION_28_MARC_JACOBS_9-1114x1536.jpg 1114w, https:\/\/answear.hr\/blog\/wp-content\/uploads\/2025\/12\/A.P.C._INTERACTION_28_MARC_JACOBS_9-1485x2048.jpg 1485w, https:\/\/answear.hr\/blog\/wp-content\/uploads\/2025\/12\/A.P.C._INTERACTION_28_MARC_JACOBS_9-scaled.jpg 1856w\" sizes=\"(max-width: 504px) 100vw, 504px\" \/><\/figure>\r\n<\/figure>\r\n","protected":false},"excerpt":{"rendered":"<p><span class=\"rt-reading-time\" style=\"display: block;\"><span class=\"rt-label rt-prefix\">Vrijeme \u010ditanja<\/span> <span class=\"rt-time\">3<\/span> <span class=\"rt-label rt-postfix\">min<\/span><\/span> Kada se dvije modne legende &#8211; Marc Jacobs i A.P.C. &#8211; udru\u017ee, rezultat mo\u017ee biti samo izvanredan. Njihova zajedni\u010dka kolekcija AW25 je veselo putovanje kroz vrijeme, koje slavi \u017eivopisnu estetiku osamdesetih i autenti\u010dnost trajnih prijateljstava. Ono \u0161to je po\u010delo kao zajedni\u010dka inspiracija razvilo se u kreativni dijalog izme\u0111u New Yorka i Pariza.<\/p>\n","protected":false},"author":54,"featured_media":50269,"comment_status":"closed","ping_status":"closed","sticky":false,"template":"","format":"standard","meta":{"footnotes":""},"categories":[23],"tags":[421,2098,2112],"class_list":["post-50268","post","type-post","status-publish","format-standard","has-post-thumbnail","hentry","category-fashion","tag-answear","tag-answear-hr","tag-marc-jacobs"],"yoast_head":"<!-- This site is optimized with the Yoast SEO plugin v22.0 - https:\/\/yoast.com\/wordpress\/plugins\/seo\/ -->\n<title>Marc Jacobs x A.P.C. \u2013 susret dviju stilskih ikona u duhu osamdesetih - Answear modni blog<\/title>\n<meta name=\"description\" content=\"Kada se dvije modne legende - Marc Jacobs i A.P.C. - udru\u017ee, rezultat mo\u017ee biti samo izvanredan. Njihova zajedni\u010dka kolekcija AW25 je veselo putovanje\" \/>\n<meta name=\"robots\" content=\"index, follow, max-snippet:-1, max-image-preview:large, max-video-preview:-1\" \/>\n<link rel=\"canonical\" href=\"https:\/\/answear.hr\/blog\/marc-jacobs-x-a-p-c-susret-dviju-stilskih-ikona-u-duhu-osamdesetih\/50268\/\" \/>\n<meta property=\"og:locale\" content=\"hr_HR\" \/>\n<meta property=\"og:type\" content=\"article\" \/>\n<meta property=\"og:title\" content=\"Marc Jacobs x A.P.C. \u2013 susret dviju stilskih ikona u duhu osamdesetih - Answear modni blog\" \/>\n<meta property=\"og:description\" content=\"Kada se dvije modne legende - Marc Jacobs i A.P.C. - udru\u017ee, rezultat mo\u017ee biti samo izvanredan. Njihova zajedni\u010dka kolekcija AW25 je veselo putovanje\" \/>\n<meta property=\"og:url\" content=\"https:\/\/answear.hr\/blog\/marc-jacobs-x-a-p-c-susret-dviju-stilskih-ikona-u-duhu-osamdesetih\/50268\/\" \/>\n<meta property=\"og:site_name\" content=\"Answear modni blog\" \/>\n<meta property=\"article:published_time\" content=\"2025-11-13T13:23:44+00:00\" \/>\n<meta property=\"article:modified_time\" content=\"2025-12-04T13:28:40+00:00\" \/>\n<meta property=\"og:image\" content=\"https:\/\/answear.hr\/blog\/wp-content\/uploads\/2025\/12\/A.P.C._INTERACTION_28_MARC_JACOBS_12-scaled.jpg\" \/>\n\t<meta property=\"og:image:width\" content=\"2560\" \/>\n\t<meta property=\"og:image:height\" content=\"1856\" \/>\n\t<meta property=\"og:image:type\" content=\"image\/jpeg\" \/>\n<meta name=\"author\" content=\"Answear\" \/>\n<meta name=\"twitter:card\" content=\"summary_large_image\" \/>\n<meta name=\"twitter:label1\" content=\"Napisao\/la\" \/>\n\t<meta name=\"twitter:data1\" content=\"Answear\" \/>\n\t<meta name=\"twitter:label2\" content=\"Procijenjeno vrijeme \u010ditanja\" \/>\n\t<meta name=\"twitter:data2\" content=\"5 minuta\" \/>\n<script type=\"application\/ld+json\" class=\"yoast-schema-graph\">{\"@context\":\"https:\/\/schema.org\",\"@graph\":[{\"@type\":\"WebPage\",\"@id\":\"https:\/\/answear.hr\/blog\/marc-jacobs-x-a-p-c-susret-dviju-stilskih-ikona-u-duhu-osamdesetih\/50268\/\",\"url\":\"https:\/\/answear.hr\/blog\/marc-jacobs-x-a-p-c-susret-dviju-stilskih-ikona-u-duhu-osamdesetih\/50268\/\",\"name\":\"Marc Jacobs x A.P.C. \u2013 susret dviju stilskih ikona u duhu osamdesetih - Answear modni blog\",\"isPartOf\":{\"@id\":\"https:\/\/answear.hr\/blog\/#website\"},\"datePublished\":\"2025-11-13T13:23:44+00:00\",\"dateModified\":\"2025-12-04T13:28:40+00:00\",\"author\":{\"@id\":\"https:\/\/answear.hr\/blog\/#\/schema\/person\/c3e5a4548505af3458f00d445fd56af5\"},\"description\":\"Kada se dvije modne legende - Marc Jacobs i A.P.C. - udru\u017ee, rezultat mo\u017ee biti samo izvanredan. Njihova zajedni\u010dka kolekcija AW25 je veselo putovanje\",\"breadcrumb\":{\"@id\":\"https:\/\/answear.hr\/blog\/marc-jacobs-x-a-p-c-susret-dviju-stilskih-ikona-u-duhu-osamdesetih\/50268\/#breadcrumb\"},\"inLanguage\":\"hr\",\"potentialAction\":[{\"@type\":\"ReadAction\",\"target\":[\"https:\/\/answear.hr\/blog\/marc-jacobs-x-a-p-c-susret-dviju-stilskih-ikona-u-duhu-osamdesetih\/50268\/\"]}]},{\"@type\":\"BreadcrumbList\",\"@id\":\"https:\/\/answear.hr\/blog\/marc-jacobs-x-a-p-c-susret-dviju-stilskih-ikona-u-duhu-osamdesetih\/50268\/#breadcrumb\",\"itemListElement\":[{\"@type\":\"ListItem\",\"position\":1,\"name\":\"Blog\",\"item\":\"https:\/\/answear.hr\/blog\/\"},{\"@type\":\"ListItem\",\"position\":2,\"name\":\"Fashion\",\"item\":\"https:\/\/answear.hr\/blog\/tematy\/fashion\/\"},{\"@type\":\"ListItem\",\"position\":3,\"name\":\"Marc Jacobs x A.P.C. \u2013 susret dviju stilskih ikona u duhu osamdesetih\"}]},{\"@type\":\"WebSite\",\"@id\":\"https:\/\/answear.hr\/blog\/#website\",\"url\":\"https:\/\/answear.hr\/blog\/\",\"name\":\"Answear modni blog\",\"description\":\"Answear modni blog\",\"potentialAction\":[{\"@type\":\"SearchAction\",\"target\":{\"@type\":\"EntryPoint\",\"urlTemplate\":\"https:\/\/answear.hr\/blog\/?s={search_term_string}\"},\"query-input\":\"required name=search_term_string\"}],\"inLanguage\":\"hr\"},{\"@type\":\"Person\",\"@id\":\"https:\/\/answear.hr\/blog\/#\/schema\/person\/c3e5a4548505af3458f00d445fd56af5\",\"name\":\"Answear\",\"image\":{\"@type\":\"ImageObject\",\"inLanguage\":\"hr\",\"@id\":\"https:\/\/answear.hr\/blog\/#\/schema\/person\/image\/\",\"url\":\"https:\/\/secure.gravatar.com\/avatar\/306a3c14f59e14766168b116b825f6ee?s=96&d=mm&r=g\",\"contentUrl\":\"https:\/\/secure.gravatar.com\/avatar\/306a3c14f59e14766168b116b825f6ee?s=96&d=mm&r=g\",\"caption\":\"Answear\"},\"url\":\"https:\/\/answear.hr\/blog\/author\/martina\/\"}]}<\/script>\n<!-- \/ Yoast SEO plugin. -->","yoast_head_json":{"title":"Marc Jacobs x A.P.C. \u2013 susret dviju stilskih ikona u duhu osamdesetih - Answear modni blog","description":"Kada se dvije modne legende - Marc Jacobs i A.P.C. - udru\u017ee, rezultat mo\u017ee biti samo izvanredan. Njihova zajedni\u010dka kolekcija AW25 je veselo putovanje","robots":{"index":"index","follow":"follow","max-snippet":"max-snippet:-1","max-image-preview":"max-image-preview:large","max-video-preview":"max-video-preview:-1"},"canonical":"https:\/\/answear.hr\/blog\/marc-jacobs-x-a-p-c-susret-dviju-stilskih-ikona-u-duhu-osamdesetih\/50268\/","og_locale":"hr_HR","og_type":"article","og_title":"Marc Jacobs x A.P.C. \u2013 susret dviju stilskih ikona u duhu osamdesetih - Answear modni blog","og_description":"Kada se dvije modne legende - Marc Jacobs i A.P.C. - udru\u017ee, rezultat mo\u017ee biti samo izvanredan. Njihova zajedni\u010dka kolekcija AW25 je veselo putovanje","og_url":"https:\/\/answear.hr\/blog\/marc-jacobs-x-a-p-c-susret-dviju-stilskih-ikona-u-duhu-osamdesetih\/50268\/","og_site_name":"Answear modni blog","article_published_time":"2025-11-13T13:23:44+00:00","article_modified_time":"2025-12-04T13:28:40+00:00","og_image":[{"width":2560,"height":1856,"url":"https:\/\/answear.hr\/blog\/wp-content\/uploads\/2025\/12\/A.P.C._INTERACTION_28_MARC_JACOBS_12-scaled.jpg","type":"image\/jpeg"}],"author":"Answear","twitter_card":"summary_large_image","twitter_misc":{"Napisao\/la":"Answear","Procijenjeno vrijeme \u010ditanja":"5 minuta"},"schema":{"@context":"https:\/\/schema.org","@graph":[{"@type":"WebPage","@id":"https:\/\/answear.hr\/blog\/marc-jacobs-x-a-p-c-susret-dviju-stilskih-ikona-u-duhu-osamdesetih\/50268\/","url":"https:\/\/answear.hr\/blog\/marc-jacobs-x-a-p-c-susret-dviju-stilskih-ikona-u-duhu-osamdesetih\/50268\/","name":"Marc Jacobs x A.P.C. \u2013 susret dviju stilskih ikona u duhu osamdesetih - Answear modni blog","isPartOf":{"@id":"https:\/\/answear.hr\/blog\/#website"},"datePublished":"2025-11-13T13:23:44+00:00","dateModified":"2025-12-04T13:28:40+00:00","author":{"@id":"https:\/\/answear.hr\/blog\/#\/schema\/person\/c3e5a4548505af3458f00d445fd56af5"},"description":"Kada se dvije modne legende - Marc Jacobs i A.P.C. - udru\u017ee, rezultat mo\u017ee biti samo izvanredan. Njihova zajedni\u010dka kolekcija AW25 je veselo putovanje","breadcrumb":{"@id":"https:\/\/answear.hr\/blog\/marc-jacobs-x-a-p-c-susret-dviju-stilskih-ikona-u-duhu-osamdesetih\/50268\/#breadcrumb"},"inLanguage":"hr","potentialAction":[{"@type":"ReadAction","target":["https:\/\/answear.hr\/blog\/marc-jacobs-x-a-p-c-susret-dviju-stilskih-ikona-u-duhu-osamdesetih\/50268\/"]}]},{"@type":"BreadcrumbList","@id":"https:\/\/answear.hr\/blog\/marc-jacobs-x-a-p-c-susret-dviju-stilskih-ikona-u-duhu-osamdesetih\/50268\/#breadcrumb","itemListElement":[{"@type":"ListItem","position":1,"name":"Blog","item":"https:\/\/answear.hr\/blog\/"},{"@type":"ListItem","position":2,"name":"Fashion","item":"https:\/\/answear.hr\/blog\/tematy\/fashion\/"},{"@type":"ListItem","position":3,"name":"Marc Jacobs x A.P.C. \u2013 susret dviju stilskih ikona u duhu osamdesetih"}]},{"@type":"WebSite","@id":"https:\/\/answear.hr\/blog\/#website","url":"https:\/\/answear.hr\/blog\/","name":"Answear modni blog","description":"Answear modni blog","potentialAction":[{"@type":"SearchAction","target":{"@type":"EntryPoint","urlTemplate":"https:\/\/answear.hr\/blog\/?s={search_term_string}"},"query-input":"required name=search_term_string"}],"inLanguage":"hr"},{"@type":"Person","@id":"https:\/\/answear.hr\/blog\/#\/schema\/person\/c3e5a4548505af3458f00d445fd56af5","name":"Answear","image":{"@type":"ImageObject","inLanguage":"hr","@id":"https:\/\/answear.hr\/blog\/#\/schema\/person\/image\/","url":"https:\/\/secure.gravatar.com\/avatar\/306a3c14f59e14766168b116b825f6ee?s=96&d=mm&r=g","contentUrl":"https:\/\/secure.gravatar.com\/avatar\/306a3c14f59e14766168b116b825f6ee?s=96&d=mm&r=g","caption":"Answear"},"url":"https:\/\/answear.hr\/blog\/author\/martina\/"}]}},"_links":{"self":[{"href":"https:\/\/answear.hr\/blog\/wp-json\/wp\/v2\/posts\/50268"}],"collection":[{"href":"https:\/\/answear.hr\/blog\/wp-json\/wp\/v2\/posts"}],"about":[{"href":"https:\/\/answear.hr\/blog\/wp-json\/wp\/v2\/types\/post"}],"author":[{"embeddable":true,"href":"https:\/\/answear.hr\/blog\/wp-json\/wp\/v2\/users\/54"}],"replies":[{"embeddable":true,"href":"https:\/\/answear.hr\/blog\/wp-json\/wp\/v2\/comments?post=50268"}],"version-history":[{"count":4,"href":"https:\/\/answear.hr\/blog\/wp-json\/wp\/v2\/posts\/50268\/revisions"}],"predecessor-version":[{"id":50283,"href":"https:\/\/answear.hr\/blog\/wp-json\/wp\/v2\/posts\/50268\/revisions\/50283"}],"wp:featuredmedia":[{"embeddable":true,"href":"https:\/\/answear.hr\/blog\/wp-json\/wp\/v2\/media\/50269"}],"wp:attachment":[{"href":"https:\/\/answear.hr\/blog\/wp-json\/wp\/v2\/media?parent=50268"}],"wp:term":[{"taxonomy":"category","embeddable":true,"href":"https:\/\/answear.hr\/blog\/wp-json\/wp\/v2\/categories?post=50268"},{"taxonomy":"post_tag","embeddable":true,"href":"https:\/\/answear.hr\/blog\/wp-json\/wp\/v2\/tags?post=50268"}],"curies":[{"name":"wp","href":"https:\/\/api.w.org\/{rel}","templated":true}]}}