{"id":50284,"date":"2025-12-05T14:45:39","date_gmt":"2025-12-05T13:45:39","guid":{"rendered":"https:\/\/answear.hr\/blog\/?p=50284"},"modified":"2025-12-05T14:50:09","modified_gmt":"2025-12-05T13:50:09","slug":"s-polarne-pustinje-na-gradske-ulice-fenomen-jakni-fjallraven-expedition-series","status":"publish","type":"post","link":"https:\/\/answear.hr\/blog\/s-polarne-pustinje-na-gradske-ulice-fenomen-jakni-fjallraven-expedition-series\/50284\/","title":{"rendered":"S polarne pustinje na gradske ulice \u2013 fenomen jakni Fj\u00e4llr\u00e4ven Expedition Series"},"content":{"rendered":"<span class=\"rt-reading-time\" style=\"display: block;\"><span class=\"rt-label rt-prefix\">Vrijeme \u010ditanja<\/span> <span class=\"rt-time\">3<\/span> <span class=\"rt-label rt-postfix\">min<\/span><\/span><p><strong>Legendarne jakne Fj\u00e4llr\u00e4ven Expedition \u2013 nastale iz potrebe za pre\u017eivljavanjem na dalekom sjeveru \u2013 danas su jedan od najprepoznatljivijih elemenata zimske urbane mode. Njihov put od snje\u017ene jame u Abisku do modernih ulica Stockholma pri\u010da je o iznimnoj funkcionalnosti i bezvremenskom dizajnu.<\/strong><\/p>\n\n\n<!--more-->\n\n\n\n<p class=\"bigletter\">Po\u010detkom 70-ih \u00c5ke Nordin, osniva\u010d Fj\u00e4llr\u00e4vena, proveo je ledenu no\u0107 u snje\u017enoj jami na visoravni Abisko. Nakon tog iskustva stvorio je jaknu u kojoj se jednostavno ne mo\u017ee smrznuti. Godine 1974. nastala je Expedition Down Jacket \u2013 topla, robusna i gotovo neuni\u0161tiva, s dvostrukim slojevima perja i toplom kapulja\u010dom koja \u0161titi cijelu glavu osim o\u010diju. Model je pre\u017eivio vi\u0161e od 50 godina i postao temelj cijele suvremene linije Expedition jakni.<\/p>\n\n\n\n<figure class=\"wp-block-gallery has-nested-images columns-default is-cropped wp-block-gallery-1 is-layout-flex wp-block-gallery-is-layout-flex\">\n<figure class=\"wp-block-image size-large\"><img loading=\"lazy\" decoding=\"async\" width=\"695\" height=\"695\" data-id=\"50287\" src=\"https:\/\/answear.hr\/blog\/wp-content\/uploads\/2025\/12\/FJR_FW25_SEASONAL_J6A2437-695x695.webp\" alt=\"\" class=\"wp-image-50287\" srcset=\"https:\/\/answear.hr\/blog\/wp-content\/uploads\/2025\/12\/FJR_FW25_SEASONAL_J6A2437-695x695.webp 695w, https:\/\/answear.hr\/blog\/wp-content\/uploads\/2025\/12\/FJR_FW25_SEASONAL_J6A2437-768x768.webp 768w, https:\/\/answear.hr\/blog\/wp-content\/uploads\/2025\/12\/FJR_FW25_SEASONAL_J6A2437-420x420.webp 420w, https:\/\/answear.hr\/blog\/wp-content\/uploads\/2025\/12\/FJR_FW25_SEASONAL_J6A2437.webp 1500w\" sizes=\"(max-width: 695px) 100vw, 695px\" \/><\/figure>\n\n\n\n<figure class=\"wp-block-image size-large\"><img loading=\"lazy\" decoding=\"async\" width=\"1060\" height=\"695\" data-id=\"50288\" src=\"https:\/\/answear.hr\/blog\/wp-content\/uploads\/2025\/12\/Expedition_Down_FJR_history-32-1536x1007-1-1060x695.webp\" alt=\"\" class=\"wp-image-50288\" srcset=\"https:\/\/answear.hr\/blog\/wp-content\/uploads\/2025\/12\/Expedition_Down_FJR_history-32-1536x1007-1-1060x695.webp 1060w, https:\/\/answear.hr\/blog\/wp-content\/uploads\/2025\/12\/Expedition_Down_FJR_history-32-1536x1007-1-768x504.webp 768w, https:\/\/answear.hr\/blog\/wp-content\/uploads\/2025\/12\/Expedition_Down_FJR_history-32-1536x1007-1.webp 1536w\" sizes=\"(max-width: 1060px) 100vw, 1060px\" \/><\/figure>\n<\/figure>\n\n\n\n<p><strong>Od polarnih ekspedicija do modernih kvartova<\/strong><\/p>\n\n\n\n<p>Iako je bila dizajnirana za ekstremne uvjete, jakna je brzo stekla popularnost u Stockholmu. Premda su je koristili polarni istra\u017eiva\u010di, sudionici ekspedicija sa pse\u0107im zapregama i alpinisti u Himalaji, pokazalo se da su Expedition jakne postale simbol skandinavske prakti\u010dnosti spojene s urbanim stilom, s najve\u0107om prodajom upravo u jednom od najmodernijih gradskih kvartova.<\/p>\n\n\n\n<figure class=\"wp-block-gallery has-nested-images columns-default is-cropped wp-block-gallery-2 is-layout-flex wp-block-gallery-is-layout-flex\">\n<figure class=\"wp-block-image size-large\"><img loading=\"lazy\" decoding=\"async\" width=\"695\" height=\"695\" data-id=\"50290\" src=\"https:\/\/answear.hr\/blog\/wp-content\/uploads\/2025\/12\/FJR_FW25_SEASONAL_16575-695x695-1.webp\" alt=\"\" class=\"wp-image-50290\" srcset=\"https:\/\/answear.hr\/blog\/wp-content\/uploads\/2025\/12\/FJR_FW25_SEASONAL_16575-695x695-1.webp 695w, https:\/\/answear.hr\/blog\/wp-content\/uploads\/2025\/12\/FJR_FW25_SEASONAL_16575-695x695-1-420x420.webp 420w\" sizes=\"(max-width: 695px) 100vw, 695px\" \/><\/figure>\n\n\n\n<figure class=\"wp-block-image size-large\"><img loading=\"lazy\" decoding=\"async\" width=\"695\" height=\"695\" data-id=\"50291\" src=\"https:\/\/answear.hr\/blog\/wp-content\/uploads\/2025\/12\/FJR_FW25_SEASONAL_16934-695x695-1.webp\" alt=\"\" class=\"wp-image-50291\" srcset=\"https:\/\/answear.hr\/blog\/wp-content\/uploads\/2025\/12\/FJR_FW25_SEASONAL_16934-695x695-1.webp 695w, https:\/\/answear.hr\/blog\/wp-content\/uploads\/2025\/12\/FJR_FW25_SEASONAL_16934-695x695-1-420x420.webp 420w\" sizes=\"(max-width: 695px) 100vw, 695px\" \/><\/figure>\n<\/figure>\n\n\n\n<p><strong>Filmske zvijezde i veli\u010dina XXXS<\/strong><\/p>\n\n\n\n<p>Jakna je stekla popularnost i na filmskim setovima \u2013 nosili su je snimatelji i redatelji, me\u0111u njima Jan Troell i Lena Olin. Kao odgovor na potrebe \u017eena, Fj\u00e4llr\u00e4ven je uveo i manje veli\u010dine XXS i XXXS. Expedition je ubrzo postala naj\u010de\u0161\u0107e vi\u0111ena jakna koju biraju stanovnici i stanovnice Stockholma.<\/p>\n\n\n\n<p><strong>Stvaratelj kojeg moda nije zanimala<\/strong><\/p>\n\n\n\n<p>\u00c5ke Nordin nije dizajnirao zbog trendova, ve\u0107 iz potrebe. Odabrao je plavu boju i \u017eute vezice koje su podsje\u0107ale na \u0161vedsku zastavu, a njegov minimalizam i naglasak na funkcionalnosti stvorili su estetiku koja je s vremenom postala prepoznata kao umjetni\u010dko djelo.<\/p>\n\n\n\n<figure class=\"wp-block-gallery has-nested-images columns-default is-cropped wp-block-gallery-3 is-layout-flex wp-block-gallery-is-layout-flex\">\n<figure class=\"wp-block-image size-large\"><img loading=\"lazy\" decoding=\"async\" width=\"391\" height=\"695\" data-id=\"50292\" src=\"https:\/\/answear.hr\/blog\/wp-content\/uploads\/2025\/12\/FJRxAnswear_Expedition_1080x1920_woman5-768x1365-1-391x695.webp\" alt=\"\" class=\"wp-image-50292\" srcset=\"https:\/\/answear.hr\/blog\/wp-content\/uploads\/2025\/12\/FJRxAnswear_Expedition_1080x1920_woman5-768x1365-1-391x695.webp 391w, https:\/\/answear.hr\/blog\/wp-content\/uploads\/2025\/12\/FJRxAnswear_Expedition_1080x1920_woman5-768x1365-1.webp 768w\" sizes=\"(max-width: 391px) 100vw, 391px\" \/><\/figure>\n\n\n\n<figure class=\"wp-block-image size-large\"><img loading=\"lazy\" decoding=\"async\" width=\"695\" height=\"695\" data-id=\"50293\" src=\"https:\/\/answear.hr\/blog\/wp-content\/uploads\/2025\/12\/FJR_FW25_SEASONAL_DSC0776-695x695-1.webp\" alt=\"\" class=\"wp-image-50293\" srcset=\"https:\/\/answear.hr\/blog\/wp-content\/uploads\/2025\/12\/FJR_FW25_SEASONAL_DSC0776-695x695-1.webp 695w, https:\/\/answear.hr\/blog\/wp-content\/uploads\/2025\/12\/FJR_FW25_SEASONAL_DSC0776-695x695-1-420x420.webp 420w\" sizes=\"(max-width: 695px) 100vw, 695px\" \/><\/figure>\n<\/figure>\n\n\n\n<p><strong>Odr\u017eiv dizajn na prvom mjestu<\/strong><\/p>\n\n\n\n<p>Nova linija Expedition koristi 100% reciklirani najlon i u potpunosti sljedivo perje. Jakne se lako popravljaju, a dijelovi poput patentnih zatvara\u010da ili vezica mogu se zamijeniti i na terenu. To je primjer trajne, funkcionalne i eti\u010dke mode.<\/p>\n\n\n\n<p><strong>Snaga bezvremenskog dizajna i funkcionalnosti<\/strong><\/p>\n\n\n\n<p>Modeli iz linije Expedition, zahvaljuju\u0107i razli\u010ditim krojevima i suvremenim materijalima, nude ve\u0107u raznolikost ljubiteljima outdoor aktivnosti, odgovaraju\u0107i njihovim individualnim preferencijama i potrebama. Istovremeno, svi ostaju vjerni izvorniku iz 1974., odaju\u0107i po\u010dast naslije\u0111u brenda i odr\u017eavaju\u0107i visoke standarde odr\u017eive proizvodnje.<\/p>\n\n\n\n<p>Jakne Expedition uklapaju se u trend debelih zimskih jakni, tzv. down puffer jackets. Trend koji je prisutan ve\u0107 nekoliko godina ne jenjava, ve\u0107 se razvija. Puhane jakne odavno vi\u0161e nisu samo prakti\u010dni sloj za zimske aktivnosti na otvorenom \u2013 danas su klju\u010dni element zimske stilizacije. Oversize krojevi, vrhunske tkanine, ponekad dugi modeli i promi\u0161ljen odabir materijala \u010dine ove jakne jednako modernima koliko i funkcionalnima.<\/p>\n\n\n\n<p class=\"kropka\">Zimu je lako zavoljeti \u2013 posebno kad ti je toplo i ugodno jer nosi\u0161 Fj\u00e4llr\u00e4ven puffericu.<\/p>\n\n\n\n<figure class=\"wp-block-gallery has-nested-images columns-default is-cropped wp-block-gallery-4 is-layout-flex wp-block-gallery-is-layout-flex\">\n<figure class=\"wp-block-image size-large\"><img loading=\"lazy\" decoding=\"async\" width=\"695\" height=\"695\" data-id=\"50294\" src=\"https:\/\/answear.hr\/blog\/wp-content\/uploads\/2025\/12\/FJR_FW25_SEASONAL_44088-695x695.webp\" alt=\"\" class=\"wp-image-50294\" srcset=\"https:\/\/answear.hr\/blog\/wp-content\/uploads\/2025\/12\/FJR_FW25_SEASONAL_44088-695x695.webp 695w, https:\/\/answear.hr\/blog\/wp-content\/uploads\/2025\/12\/FJR_FW25_SEASONAL_44088-768x768.webp 768w, https:\/\/answear.hr\/blog\/wp-content\/uploads\/2025\/12\/FJR_FW25_SEASONAL_44088-420x420.webp 420w, https:\/\/answear.hr\/blog\/wp-content\/uploads\/2025\/12\/FJR_FW25_SEASONAL_44088.webp 1500w\" sizes=\"(max-width: 695px) 100vw, 695px\" \/><\/figure>\n<\/figure>\n","protected":false},"excerpt":{"rendered":"<p><span class=\"rt-reading-time\" style=\"display: block;\"><span class=\"rt-label rt-prefix\">Vrijeme \u010ditanja<\/span> <span class=\"rt-time\">3<\/span> <span class=\"rt-label rt-postfix\">min<\/span><\/span> Legendarne jakne Fj\u00e4llr\u00e4ven Expedition \u2013 nastale iz potrebe za pre\u017eivljavanjem na dalekom sjeveru \u2013 danas su jedan od najprepoznatljivijih elemenata zimske urbane mode. Njihov put od snje\u017ene jame u Abisku do modernih ulica Stockholma pri\u010da je o iznimnoj funkcionalnosti i bezvremenskom dizajnu.<\/p>\n","protected":false},"author":54,"featured_media":50285,"comment_status":"closed","ping_status":"closed","sticky":false,"template":"","format":"standard","meta":{"footnotes":""},"categories":[23],"tags":[421,2098],"class_list":["post-50284","post","type-post","status-publish","format-standard","has-post-thumbnail","hentry","category-fashion","tag-answear","tag-answear-hr"],"yoast_head":"<!-- This site is optimized with the Yoast SEO plugin v22.0 - https:\/\/yoast.com\/wordpress\/plugins\/seo\/ -->\n<title>S polarne pustinje na gradske ulice \u2013 fenomen jakni Fj\u00e4llr\u00e4ven Expedition Series - Answear modni blog<\/title>\n<meta name=\"description\" content=\"Legendarne jakne Fj\u00e4llr\u00e4ven Expedition \u2013 nastale iz potrebe za pre\u017eivljavanjem na dalekom sjeveru \u2013 danas su jedan od najprepoznatljivijih elemenata\" \/>\n<meta name=\"robots\" content=\"index, follow, max-snippet:-1, max-image-preview:large, max-video-preview:-1\" \/>\n<link rel=\"canonical\" href=\"https:\/\/answear.hr\/blog\/s-polarne-pustinje-na-gradske-ulice-fenomen-jakni-fjallraven-expedition-series\/50284\/\" \/>\n<meta property=\"og:locale\" content=\"hr_HR\" \/>\n<meta property=\"og:type\" content=\"article\" \/>\n<meta property=\"og:title\" content=\"S polarne pustinje na gradske ulice \u2013 fenomen jakni Fj\u00e4llr\u00e4ven Expedition Series - Answear modni blog\" \/>\n<meta property=\"og:description\" content=\"Legendarne jakne Fj\u00e4llr\u00e4ven Expedition \u2013 nastale iz potrebe za pre\u017eivljavanjem na dalekom sjeveru \u2013 danas su jedan od najprepoznatljivijih elemenata\" \/>\n<meta property=\"og:url\" content=\"https:\/\/answear.hr\/blog\/s-polarne-pustinje-na-gradske-ulice-fenomen-jakni-fjallraven-expedition-series\/50284\/\" \/>\n<meta property=\"og:site_name\" content=\"Answear modni blog\" \/>\n<meta property=\"article:published_time\" content=\"2025-12-05T13:45:39+00:00\" \/>\n<meta property=\"article:modified_time\" content=\"2025-12-05T13:50:09+00:00\" \/>\n<meta property=\"og:image\" content=\"https:\/\/answear.hr\/blog\/wp-content\/uploads\/2025\/12\/FJR_FW25_SEASONAL_J6A3110-e1763988944608-1500x695-1.webp\" \/>\n\t<meta property=\"og:image:width\" content=\"1500\" \/>\n\t<meta property=\"og:image:height\" content=\"695\" \/>\n\t<meta property=\"og:image:type\" content=\"image\/webp\" \/>\n<meta name=\"author\" content=\"Answear\" \/>\n<meta name=\"twitter:card\" content=\"summary_large_image\" \/>\n<meta name=\"twitter:label1\" content=\"Napisao\/la\" \/>\n\t<meta name=\"twitter:data1\" content=\"Answear\" \/>\n\t<meta name=\"twitter:label2\" content=\"Procijenjeno vrijeme \u010ditanja\" \/>\n\t<meta name=\"twitter:data2\" content=\"4 minute\" \/>\n<script type=\"application\/ld+json\" class=\"yoast-schema-graph\">{\"@context\":\"https:\/\/schema.org\",\"@graph\":[{\"@type\":\"WebPage\",\"@id\":\"https:\/\/answear.hr\/blog\/s-polarne-pustinje-na-gradske-ulice-fenomen-jakni-fjallraven-expedition-series\/50284\/\",\"url\":\"https:\/\/answear.hr\/blog\/s-polarne-pustinje-na-gradske-ulice-fenomen-jakni-fjallraven-expedition-series\/50284\/\",\"name\":\"S polarne pustinje na gradske ulice \u2013 fenomen jakni Fj\u00e4llr\u00e4ven Expedition Series - Answear modni blog\",\"isPartOf\":{\"@id\":\"https:\/\/answear.hr\/blog\/#website\"},\"datePublished\":\"2025-12-05T13:45:39+00:00\",\"dateModified\":\"2025-12-05T13:50:09+00:00\",\"author\":{\"@id\":\"https:\/\/answear.hr\/blog\/#\/schema\/person\/c3e5a4548505af3458f00d445fd56af5\"},\"description\":\"Legendarne jakne Fj\u00e4llr\u00e4ven Expedition \u2013 nastale iz potrebe za pre\u017eivljavanjem na dalekom sjeveru \u2013 danas su jedan od najprepoznatljivijih elemenata\",\"breadcrumb\":{\"@id\":\"https:\/\/answear.hr\/blog\/s-polarne-pustinje-na-gradske-ulice-fenomen-jakni-fjallraven-expedition-series\/50284\/#breadcrumb\"},\"inLanguage\":\"hr\",\"potentialAction\":[{\"@type\":\"ReadAction\",\"target\":[\"https:\/\/answear.hr\/blog\/s-polarne-pustinje-na-gradske-ulice-fenomen-jakni-fjallraven-expedition-series\/50284\/\"]}]},{\"@type\":\"BreadcrumbList\",\"@id\":\"https:\/\/answear.hr\/blog\/s-polarne-pustinje-na-gradske-ulice-fenomen-jakni-fjallraven-expedition-series\/50284\/#breadcrumb\",\"itemListElement\":[{\"@type\":\"ListItem\",\"position\":1,\"name\":\"Blog\",\"item\":\"https:\/\/answear.hr\/blog\/\"},{\"@type\":\"ListItem\",\"position\":2,\"name\":\"Fashion\",\"item\":\"https:\/\/answear.hr\/blog\/tematy\/fashion\/\"},{\"@type\":\"ListItem\",\"position\":3,\"name\":\"S polarne pustinje na gradske ulice \u2013 fenomen jakni Fj\u00e4llr\u00e4ven Expedition Series\"}]},{\"@type\":\"WebSite\",\"@id\":\"https:\/\/answear.hr\/blog\/#website\",\"url\":\"https:\/\/answear.hr\/blog\/\",\"name\":\"Answear modni blog\",\"description\":\"Answear modni blog\",\"potentialAction\":[{\"@type\":\"SearchAction\",\"target\":{\"@type\":\"EntryPoint\",\"urlTemplate\":\"https:\/\/answear.hr\/blog\/?s={search_term_string}\"},\"query-input\":\"required name=search_term_string\"}],\"inLanguage\":\"hr\"},{\"@type\":\"Person\",\"@id\":\"https:\/\/answear.hr\/blog\/#\/schema\/person\/c3e5a4548505af3458f00d445fd56af5\",\"name\":\"Answear\",\"image\":{\"@type\":\"ImageObject\",\"inLanguage\":\"hr\",\"@id\":\"https:\/\/answear.hr\/blog\/#\/schema\/person\/image\/\",\"url\":\"https:\/\/secure.gravatar.com\/avatar\/306a3c14f59e14766168b116b825f6ee?s=96&d=mm&r=g\",\"contentUrl\":\"https:\/\/secure.gravatar.com\/avatar\/306a3c14f59e14766168b116b825f6ee?s=96&d=mm&r=g\",\"caption\":\"Answear\"},\"url\":\"https:\/\/answear.hr\/blog\/author\/martina\/\"}]}<\/script>\n<!-- \/ Yoast SEO plugin. -->","yoast_head_json":{"title":"S polarne pustinje na gradske ulice \u2013 fenomen jakni Fj\u00e4llr\u00e4ven Expedition Series - Answear modni blog","description":"Legendarne jakne Fj\u00e4llr\u00e4ven Expedition \u2013 nastale iz potrebe za pre\u017eivljavanjem na dalekom sjeveru \u2013 danas su jedan od najprepoznatljivijih elemenata","robots":{"index":"index","follow":"follow","max-snippet":"max-snippet:-1","max-image-preview":"max-image-preview:large","max-video-preview":"max-video-preview:-1"},"canonical":"https:\/\/answear.hr\/blog\/s-polarne-pustinje-na-gradske-ulice-fenomen-jakni-fjallraven-expedition-series\/50284\/","og_locale":"hr_HR","og_type":"article","og_title":"S polarne pustinje na gradske ulice \u2013 fenomen jakni Fj\u00e4llr\u00e4ven Expedition Series - Answear modni blog","og_description":"Legendarne jakne Fj\u00e4llr\u00e4ven Expedition \u2013 nastale iz potrebe za pre\u017eivljavanjem na dalekom sjeveru \u2013 danas su jedan od najprepoznatljivijih elemenata","og_url":"https:\/\/answear.hr\/blog\/s-polarne-pustinje-na-gradske-ulice-fenomen-jakni-fjallraven-expedition-series\/50284\/","og_site_name":"Answear modni blog","article_published_time":"2025-12-05T13:45:39+00:00","article_modified_time":"2025-12-05T13:50:09+00:00","og_image":[{"width":1500,"height":695,"url":"https:\/\/answear.hr\/blog\/wp-content\/uploads\/2025\/12\/FJR_FW25_SEASONAL_J6A3110-e1763988944608-1500x695-1.webp","type":"image\/webp"}],"author":"Answear","twitter_card":"summary_large_image","twitter_misc":{"Napisao\/la":"Answear","Procijenjeno vrijeme \u010ditanja":"4 minute"},"schema":{"@context":"https:\/\/schema.org","@graph":[{"@type":"WebPage","@id":"https:\/\/answear.hr\/blog\/s-polarne-pustinje-na-gradske-ulice-fenomen-jakni-fjallraven-expedition-series\/50284\/","url":"https:\/\/answear.hr\/blog\/s-polarne-pustinje-na-gradske-ulice-fenomen-jakni-fjallraven-expedition-series\/50284\/","name":"S polarne pustinje na gradske ulice \u2013 fenomen jakni Fj\u00e4llr\u00e4ven Expedition Series - Answear modni blog","isPartOf":{"@id":"https:\/\/answear.hr\/blog\/#website"},"datePublished":"2025-12-05T13:45:39+00:00","dateModified":"2025-12-05T13:50:09+00:00","author":{"@id":"https:\/\/answear.hr\/blog\/#\/schema\/person\/c3e5a4548505af3458f00d445fd56af5"},"description":"Legendarne jakne Fj\u00e4llr\u00e4ven Expedition \u2013 nastale iz potrebe za pre\u017eivljavanjem na dalekom sjeveru \u2013 danas su jedan od najprepoznatljivijih elemenata","breadcrumb":{"@id":"https:\/\/answear.hr\/blog\/s-polarne-pustinje-na-gradske-ulice-fenomen-jakni-fjallraven-expedition-series\/50284\/#breadcrumb"},"inLanguage":"hr","potentialAction":[{"@type":"ReadAction","target":["https:\/\/answear.hr\/blog\/s-polarne-pustinje-na-gradske-ulice-fenomen-jakni-fjallraven-expedition-series\/50284\/"]}]},{"@type":"BreadcrumbList","@id":"https:\/\/answear.hr\/blog\/s-polarne-pustinje-na-gradske-ulice-fenomen-jakni-fjallraven-expedition-series\/50284\/#breadcrumb","itemListElement":[{"@type":"ListItem","position":1,"name":"Blog","item":"https:\/\/answear.hr\/blog\/"},{"@type":"ListItem","position":2,"name":"Fashion","item":"https:\/\/answear.hr\/blog\/tematy\/fashion\/"},{"@type":"ListItem","position":3,"name":"S polarne pustinje na gradske ulice \u2013 fenomen jakni Fj\u00e4llr\u00e4ven Expedition Series"}]},{"@type":"WebSite","@id":"https:\/\/answear.hr\/blog\/#website","url":"https:\/\/answear.hr\/blog\/","name":"Answear modni blog","description":"Answear modni blog","potentialAction":[{"@type":"SearchAction","target":{"@type":"EntryPoint","urlTemplate":"https:\/\/answear.hr\/blog\/?s={search_term_string}"},"query-input":"required name=search_term_string"}],"inLanguage":"hr"},{"@type":"Person","@id":"https:\/\/answear.hr\/blog\/#\/schema\/person\/c3e5a4548505af3458f00d445fd56af5","name":"Answear","image":{"@type":"ImageObject","inLanguage":"hr","@id":"https:\/\/answear.hr\/blog\/#\/schema\/person\/image\/","url":"https:\/\/secure.gravatar.com\/avatar\/306a3c14f59e14766168b116b825f6ee?s=96&d=mm&r=g","contentUrl":"https:\/\/secure.gravatar.com\/avatar\/306a3c14f59e14766168b116b825f6ee?s=96&d=mm&r=g","caption":"Answear"},"url":"https:\/\/answear.hr\/blog\/author\/martina\/"}]}},"_links":{"self":[{"href":"https:\/\/answear.hr\/blog\/wp-json\/wp\/v2\/posts\/50284"}],"collection":[{"href":"https:\/\/answear.hr\/blog\/wp-json\/wp\/v2\/posts"}],"about":[{"href":"https:\/\/answear.hr\/blog\/wp-json\/wp\/v2\/types\/post"}],"author":[{"embeddable":true,"href":"https:\/\/answear.hr\/blog\/wp-json\/wp\/v2\/users\/54"}],"replies":[{"embeddable":true,"href":"https:\/\/answear.hr\/blog\/wp-json\/wp\/v2\/comments?post=50284"}],"version-history":[{"count":2,"href":"https:\/\/answear.hr\/blog\/wp-json\/wp\/v2\/posts\/50284\/revisions"}],"predecessor-version":[{"id":50295,"href":"https:\/\/answear.hr\/blog\/wp-json\/wp\/v2\/posts\/50284\/revisions\/50295"}],"wp:featuredmedia":[{"embeddable":true,"href":"https:\/\/answear.hr\/blog\/wp-json\/wp\/v2\/media\/50285"}],"wp:attachment":[{"href":"https:\/\/answear.hr\/blog\/wp-json\/wp\/v2\/media?parent=50284"}],"wp:term":[{"taxonomy":"category","embeddable":true,"href":"https:\/\/answear.hr\/blog\/wp-json\/wp\/v2\/categories?post=50284"},{"taxonomy":"post_tag","embeddable":true,"href":"https:\/\/answear.hr\/blog\/wp-json\/wp\/v2\/tags?post=50284"}],"curies":[{"name":"wp","href":"https:\/\/api.w.org\/{rel}","templated":true}]}}